{"id":19354,"date":"2018-03-14T12:00:45","date_gmt":"2018-03-14T15:00:45","guid":{"rendered":"https:\/\/fadeweb.uncoma.edu.ar\/?p=19354"},"modified":"2024-02-20T12:01:32","modified_gmt":"2024-02-20T15:01:32","slug":"jornadas-intensivas-de-derecho-del-consumo","status":"publish","type":"post","link":"https:\/\/fadeweb.uncoma.edu.ar\/index.php\/2018\/03\/14\/jornadas-intensivas-de-derecho-del-consumo\/","title":{"rendered":"JORNADAS INTENSIVAS DE DERECHO DEL CONSUMO"},"content":{"rendered":"<p><img fetchpriority=\"high\" decoding=\"async\" class=\"alignnone size-large wp-image-18835\" src=\"https:\/\/fadeweb.uncoma.edu.ar\/wp-content\/uploads\/2023\/12\/00-derecho-consumidor-1024x683.jpg\" alt=\"\" width=\"800\" height=\"534\" srcset=\"https:\/\/fadeweb.uncoma.edu.ar\/wp-content\/uploads\/2023\/12\/00-derecho-consumidor-1024x683.jpg 1024w, https:\/\/fadeweb.uncoma.edu.ar\/wp-content\/uploads\/2023\/12\/00-derecho-consumidor-300x200.jpg 300w, https:\/\/fadeweb.uncoma.edu.ar\/wp-content\/uploads\/2023\/12\/00-derecho-consumidor-768x512.jpg 768w, https:\/\/fadeweb.uncoma.edu.ar\/wp-content\/uploads\/2023\/12\/00-derecho-consumidor-1536x1024.jpg 1536w, https:\/\/fadeweb.uncoma.edu.ar\/wp-content\/uploads\/2023\/12\/00-derecho-consumidor-2048x1366.jpg 2048w\" sizes=\"(max-width: 800px) 100vw, 800px\" \/><\/p>\n<p class=\"texto\">La Secretar\u00eda de Extensi\u00f3n y Asuntos Estudiantiles de la FADECS informa que en el marco de un proyecto en conjunto con la Secretar\u00eda de Extensi\u00f3n de la Universidad Nacional del Comahue, se llevar\u00e1n a cabo las Primeras Jornadas Intensivas de Derecho del Consumo, los d\u00edas jueves 19 y viernes 20 de abril del corriente en nuestra Facultad de Derecho y Ciencias Sociales.<\/p>\n<p class=\"texto\">Dichas jornadas cuentan con el Aval Institucional de la Facultad de Derecho y Ciencias Sociales de la Universidad Nacional del Comahue mediante Resoluci\u00f3n N\u00ba 0511\/2017; la Declaraci\u00f3n de Inter\u00e9s del Superior Tribunal de Justicia de R\u00edo Negro mediante Resoluci\u00f3n N\u00ba 847\/2017, y el aval institucional de la Oficina de Defensa del Consumidor de la Direcci\u00f3n de Comercio e Industria de la Provincia de R\u00edo Negro mediante Resoluci\u00f3n N\u00ba 218\/2017.<\/p>\n<p class=\"texto\">Es dable destacar que el Director de las Jornadas es el profesor de la FADECS y vocal del Superior Tribunal de Justicia de R\u00edo Negro, el Dr. Sergio Barotto.<\/p>\n<p class=\"texto\">El temario es el siguiente: Bases constitucionales del Derecho del Consumo. Contratos de Consumo en la Ley de Defensa del Consumidor y en el C\u00f3digo Civil y Comercial de la Naci\u00f3n. R\u00e9gimen de Da\u00f1os punitivos en el marco del Derecho al Consumo. Procedimiento administrativo en el marco de la Ley de Defensa del Consumidor. Defensa del Consumidor Inmobiliario frente a Fideicomisos y Negocios Complejos. Doctrina Legal de Derecho de Consumo del Superior Tribunal de R\u00edo Negro.<\/p>\n<p class=\"texto\">Los disertantes confirmados al momento son:<\/p>\n<ul>\n<li class=\"texto\">Dr. Sergio Barotto, quien es vocal del Superior Tribunal de Justicia de R\u00edo Negro y docente en nuestra casa de estudios \u2013 Tema: \u201cDoctrina Legal de Derecho de Consumo del Tribunal Superior de R\u00edo Negro\u00bb.<\/li>\n<li class=\"texto\">Dr. Manuel Cornet, quien es Titular de la c\u00e1tedra de Obligaciones en la Universidad Nacional de C\u00f3rdoba. -Tema: \u00abDa\u00f1os punitivos en el marco del Derecho al Consumo\u00bb.<\/li>\n<li class=\"texto\">Dr. Diego Zentner, quien es Profesor de la UBA y experto en Derecho del Consumidor y del Usuario &#8211; Tema: \u00abContratos de Consumo: LCD y C.C.y.C\u00bb.<\/li>\n<li class=\"texto\">Dr. Oscar Bermejo, quien desde 1998 ha prestado servicios en distintas \u00e1reas jur\u00eddicas de la actual Direcci\u00f3n Nacional de Defensa del consumidor e integra el Registro de \u00c1rbitros Institucionales del Sistema de Arbitraje de Consumo (SNAC) &#8211; Tema \u00abProcedimiento administrativo en el marco de la Ley de Defensa del Consumidor\u00bb.<\/li>\n<li class=\"texto\">Dr. Hernan Milton Kees, Profesor Adjunto encargado de la c\u00e1tedra de Contratos en nuestra Facultad &#8211; Tema: \u00abDefensa del Consumidor Inmobiliario frente a Fideicomisos y Negocios Complejos\u00bb.<\/li>\n<li class=\"texto\">Dr. Federico Ambroggio, Profesor Adjunto encargado de la c\u00e1tedra Derecho Constitucional en nuestra Facultad. &#8211; Tema: \u00abBases constitucionales del Derecho del Consumo. El amparo como herramienta de protecci\u00f3n del consumidor\u00bb.<\/li>\n<\/ul>\n<p class=\"texto\">Asimismo, se efectuar\u00e1 una mesa de debate al cierre de la jornada del jueves a las 19:00 hs, para lo cual se cursaron las invitaciones correspondientes a c\u00e1maras empresariales, reparticiones p\u00fablicas especializadas en la materia y asociaciones de defensa del consumidor.<\/p>\n<p class=\"texto\"><strong>Costos:<\/strong><\/p>\n<ul>\n<li class=\"texto\">Estudiantes y Docentes de la UNCO: Sin costo<\/li>\n<li class=\"texto\">J\u00f3venes Graduados de la UNCO (3 a\u00f1os): $200<\/li>\n<li class=\"texto\">P\u00fablico en General: $350<\/li>\n<\/ul>\n<p class=\"texto\">Las inscripciones se realizar\u00e1n en la Secretar\u00eda de Extensi\u00f3n y Asuntos Estudiantiles en el horario de 08:00 a 14:00 hs; o al siguiente correo: <a href=\"mailto:secretaria.extension@fade.uncoma.edu.ar\">secretaria.extension@fade.uncoma.edu.ar<\/a>; tel\u00e9fono 0298-4433668 int. 26 o al 298-4226274.<\/p>\n","protected":false},"excerpt":{"rendered":"<p>La Secretar\u00eda de Extensi\u00f3n y Asuntos Estudiantiles de la FADECS informa que en el marco de un proyecto en conjunto con la Secretar\u00eda de Extensi\u00f3n de la Universidad Nacional del Comahue, se llevar\u00e1n a cabo las Primeras Jornadas Intensivas de Derecho del Consumo, los d\u00edas jueves 19 y viernes 20 de abril del corriente en [&hellip;]<\/p>\n","protected":false},"author":2,"featured_media":18835,"comment_status":"closed","ping_status":"closed","sticky":false,"template":"","format":"standard","meta":{"footnotes":""},"categories":[11,5],"tags":[],"class_list":["post-19354","post","type-post","status-publish","format-standard","has-post-thumbnail","hentry","category-11","category-notifadecs"],"_links":{"self":[{"href":"https:\/\/fadeweb.uncoma.edu.ar\/index.php\/wp-json\/wp\/v2\/posts\/19354","targetHints":{"allow":["GET"]}}],"collection":[{"href":"https:\/\/fadeweb.uncoma.edu.ar\/index.php\/wp-json\/wp\/v2\/posts"}],"about":[{"href":"https:\/\/fadeweb.uncoma.edu.ar\/index.php\/wp-json\/wp\/v2\/types\/post"}],"author":[{"embeddable":true,"href":"https:\/\/fadeweb.uncoma.edu.ar\/index.php\/wp-json\/wp\/v2\/users\/2"}],"replies":[{"embeddable":true,"href":"https:\/\/fadeweb.uncoma.edu.ar\/index.php\/wp-json\/wp\/v2\/comments?post=19354"}],"version-history":[{"count":1,"href":"https:\/\/fadeweb.uncoma.edu.ar\/index.php\/wp-json\/wp\/v2\/posts\/19354\/revisions"}],"predecessor-version":[{"id":19356,"href":"https:\/\/fadeweb.uncoma.edu.ar\/index.php\/wp-json\/wp\/v2\/posts\/19354\/revisions\/19356"}],"wp:featuredmedia":[{"embeddable":true,"href":"https:\/\/fadeweb.uncoma.edu.ar\/index.php\/wp-json\/wp\/v2\/media\/18835"}],"wp:attachment":[{"href":"https:\/\/fadeweb.uncoma.edu.ar\/index.php\/wp-json\/wp\/v2\/media?parent=19354"}],"wp:term":[{"taxonomy":"category","embeddable":true,"href":"https:\/\/fadeweb.uncoma.edu.ar\/index.php\/wp-json\/wp\/v2\/categories?post=19354"},{"taxonomy":"post_tag","embeddable":true,"href":"https:\/\/fadeweb.uncoma.edu.ar\/index.php\/wp-json\/wp\/v2\/tags?post=19354"}],"curies":[{"name":"wp","href":"https:\/\/api.w.org\/{rel}","templated":true}]}}