{"id":19351,"date":"2018-03-14T12:00:03","date_gmt":"2018-03-14T15:00:03","guid":{"rendered":"https:\/\/fadeweb.uncoma.edu.ar\/?p=19351"},"modified":"2024-02-20T12:00:37","modified_gmt":"2024-02-20T15:00:37","slug":"la-primera-sesion-ordinaria-2018-paso-a-cuarto-intermedio","status":"publish","type":"post","link":"https:\/\/fadeweb.uncoma.edu.ar\/index.php\/2018\/03\/14\/la-primera-sesion-ordinaria-2018-paso-a-cuarto-intermedio\/","title":{"rendered":"LA PRIMERA SESI\u00d3N ORDINARIA 2018 PAS\u00d3 A CUARTO INTERMEDIO"},"content":{"rendered":"<p><img fetchpriority=\"high\" decoding=\"async\" class=\"alignnone size-large wp-image-19324\" src=\"https:\/\/fadeweb.uncoma.edu.ar\/wp-content\/uploads\/2024\/02\/1scd-1024x627.jpg\" alt=\"\" width=\"800\" height=\"490\" srcset=\"https:\/\/fadeweb.uncoma.edu.ar\/wp-content\/uploads\/2024\/02\/1scd-1024x627.jpg 1024w, https:\/\/fadeweb.uncoma.edu.ar\/wp-content\/uploads\/2024\/02\/1scd-300x184.jpg 300w, https:\/\/fadeweb.uncoma.edu.ar\/wp-content\/uploads\/2024\/02\/1scd-768x470.jpg 768w, https:\/\/fadeweb.uncoma.edu.ar\/wp-content\/uploads\/2024\/02\/1scd-1536x940.jpg 1536w, https:\/\/fadeweb.uncoma.edu.ar\/wp-content\/uploads\/2024\/02\/1scd.jpg 1875w\" sizes=\"(max-width: 800px) 100vw, 800px\" \/><\/p>\n<p>La Sec. del Consejo Directivo de la Facultad de Derecho y Ciencias Sociales de la Universidad Nacional del Comahue, Abog. Fernanda Valenzuela informa que el pasado lunes se dio inicio a la primera Sesi\u00f3n Ordinaria de 2018. El encuentro pas\u00f3 a cuarto intermedio y no agot\u00f3 todo el Orden del d\u00eda. Con tal motivo se convoca para el<strong> Lunes 19 de marzo a las 13 hrs<\/strong> a los Consejeros\/as, Directores\/as de los Departamentos de Derecho, P\u00fablico y Privado, Servicio Social, Ciencias Pol\u00edticas y Sociales, y Comunicaci\u00f3n Social para continuar el tratamiento de los temas pendientes<\/p>\n","protected":false},"excerpt":{"rendered":"<p>La Sec. del Consejo Directivo de la Facultad de Derecho y Ciencias Sociales de la Universidad Nacional del Comahue, Abog. Fernanda Valenzuela informa que el pasado lunes se dio inicio a la primera Sesi\u00f3n Ordinaria de 2018. El encuentro pas\u00f3 a cuarto intermedio y no agot\u00f3 todo el Orden del d\u00eda. Con tal motivo se [&hellip;]<\/p>\n","protected":false},"author":2,"featured_media":19324,"comment_status":"closed","ping_status":"closed","sticky":false,"template":"","format":"standard","meta":{"footnotes":""},"categories":[11,5],"tags":[],"class_list":["post-19351","post","type-post","status-publish","format-standard","has-post-thumbnail","hentry","category-11","category-notifadecs"],"_links":{"self":[{"href":"https:\/\/fadeweb.uncoma.edu.ar\/index.php\/wp-json\/wp\/v2\/posts\/19351","targetHints":{"allow":["GET"]}}],"collection":[{"href":"https:\/\/fadeweb.uncoma.edu.ar\/index.php\/wp-json\/wp\/v2\/posts"}],"about":[{"href":"https:\/\/fadeweb.uncoma.edu.ar\/index.php\/wp-json\/wp\/v2\/types\/post"}],"author":[{"embeddable":true,"href":"https:\/\/fadeweb.uncoma.edu.ar\/index.php\/wp-json\/wp\/v2\/users\/2"}],"replies":[{"embeddable":true,"href":"https:\/\/fadeweb.uncoma.edu.ar\/index.php\/wp-json\/wp\/v2\/comments?post=19351"}],"version-history":[{"count":1,"href":"https:\/\/fadeweb.uncoma.edu.ar\/index.php\/wp-json\/wp\/v2\/posts\/19351\/revisions"}],"predecessor-version":[{"id":19353,"href":"https:\/\/fadeweb.uncoma.edu.ar\/index.php\/wp-json\/wp\/v2\/posts\/19351\/revisions\/19353"}],"wp:featuredmedia":[{"embeddable":true,"href":"https:\/\/fadeweb.uncoma.edu.ar\/index.php\/wp-json\/wp\/v2\/media\/19324"}],"wp:attachment":[{"href":"https:\/\/fadeweb.uncoma.edu.ar\/index.php\/wp-json\/wp\/v2\/media?parent=19351"}],"wp:term":[{"taxonomy":"category","embeddable":true,"href":"https:\/\/fadeweb.uncoma.edu.ar\/index.php\/wp-json\/wp\/v2\/categories?post=19351"},{"taxonomy":"post_tag","embeddable":true,"href":"https:\/\/fadeweb.uncoma.edu.ar\/index.php\/wp-json\/wp\/v2\/tags?post=19351"}],"curies":[{"name":"wp","href":"https:\/\/api.w.org\/{rel}","templated":true}]}}