{"id":19348,"date":"2018-03-16T11:59:03","date_gmt":"2018-03-16T14:59:03","guid":{"rendered":"https:\/\/fadeweb.uncoma.edu.ar\/?p=19348"},"modified":"2024-02-20T11:59:49","modified_gmt":"2024-02-20T14:59:49","slug":"subsecretaria-de-relaciones-internacionales-oportunidad-embajada-de-la-republica-de-turquia-en-buenos-aires","status":"publish","type":"post","link":"https:\/\/fadeweb.uncoma.edu.ar\/index.php\/2018\/03\/16\/subsecretaria-de-relaciones-internacionales-oportunidad-embajada-de-la-republica-de-turquia-en-buenos-aires\/","title":{"rendered":"Subsecretar\u00eda de Relaciones Internacionales OPORTUNIDAD EMBAJADA DE LA REP\u00daBLICA DE TURQU\u00cdA EN BUENOS AIRES"},"content":{"rendered":"<p><img fetchpriority=\"high\" decoding=\"async\" class=\"alignnone size-full wp-image-19349\" src=\"https:\/\/fadeweb.uncoma.edu.ar\/wp-content\/uploads\/2024\/02\/Yunus_Emre_Enstitusu2.png\" alt=\"\" width=\"250\" height=\"252\" srcset=\"https:\/\/fadeweb.uncoma.edu.ar\/wp-content\/uploads\/2024\/02\/Yunus_Emre_Enstitusu2.png 250w, https:\/\/fadeweb.uncoma.edu.ar\/wp-content\/uploads\/2024\/02\/Yunus_Emre_Enstitusu2-150x150.png 150w\" sizes=\"(max-width: 250px) 100vw, 250px\" \/><\/p>\n<p class=\"texto\">El Instituto Yunus Emre organiza un curso de verano para el aprendizaje del idioma turco; ofrece una \u00fanica y bella oportunidad para conocer numerosas ciudades de las siete regiones de Turqu\u00eda.<\/p>\n<p class=\"texto\">Fecha de realizaci\u00f3n: 16 de julio al 12 de agosto de 2018.<\/p>\n<p class=\"texto\">Requisitos Generales: tener entre 18 y 35 a\u00f1os, y no ser ciudadano turco.<\/p>\n<p class=\"texto\">Financiamiento: cubrir\u00e1 los gastos totales del programa, incluyendo el pasaje a Turqu\u00eda ida y vuelta, alojamiento y las comidas dentro del programa.<\/p>\n<p class=\"texto\">Bases:\u00a0<a href=\"http:\/\/www.turkceyazokulu.com\/en\/application.html\" target=\"_blank\" rel=\"noopener nofollow\" data-ft=\"{'tn':'-U'}\" data-lynx-mode=\"asynclazy\" data-lynx-uri=\"https:\/\/l.facebook.com\/l.php?u=http%3A%2F%2Fwww.turkceyazokulu.com%2Fen%2Fapplication.html&amp;h=ATOgheGnbvJYBmEi_Nf-1a_WEXN6eGppvr0stq9qBHUvwSEwWqcZmzHdIK4GZfgtr5V1fB6fkGxaO4TChDgYv61V0BAZ6sxI3sC2h0sDGdkPNGUWiOfpBp_hNqQ8pvkvWXo\">http:\/\/www.turkceyazokulu.com\/en\/application.html<\/a><\/p>\n<p class=\"texto\">M\u00e1s informaci\u00f3n:\u00a0<a href=\"http:\/\/www.turkceyazokulu.com\/en\/what-is-the-turkish-summer-school.html\" target=\"_blank\" rel=\"noopener nofollow\" data-ft=\"{'tn':'-U'}\" data-lynx-mode=\"asynclazy\" data-lynx-uri=\"https:\/\/l.facebook.com\/l.php?u=http%3A%2F%2Fwww.turkceyazokulu.com%2Fen%2Fwhat-is-the-turkish-summer-school.html&amp;h=ATM-RFjdeCLWEhlRA7rOa0wGbbxsfjSojYio4TyCJ8y3GX2OTb-kTosrOytvCGV34QOYK9zHP-EtBy7mtNeIP5_1gjNLvhdnJ9uvhiif58XqZ6U0Bf06LmtzRy1mbICB6HQ\">http:\/\/www.turkceyazokulu.com\/\u2026\/what-is-the-turkish-summer-\u2026<\/a><\/p>\n<p class=\"texto\">FECHA DE CIERRE DE LA CONVOCATORIA: 31 de marzo de 2018<br \/>\n&#8212;<br \/>\nSubsecretar\u00eda de Relaciones Internacionales<br \/>\nUNIVERSIDAD NACIONAL DEL COMAHUE<br \/>\n<a href=\"https:\/\/l.facebook.com\/l.php?u=http%3A%2F%2Finternacionales.uncoma.edu.ar%2F&amp;h=ATMbeK1lTkt1HTqD8BHyxcbXigNrJMQ29GHmNe_QBjFfo7U707dq7W0iwy28ue_fweHATJwOfZSiJ69dDWLl0m45RwU5rhF9G-OCFH58cUgEN4Il0-VETFhp4EomHpqq_kM\" target=\"_blank\" rel=\"noopener nofollow\" data-ft=\"{'tn':'-U'}\" data-lynx-mode=\"asynclazy\">http:\/\/internacionales.uncoma.edu.ar<\/a><br \/>\n<a href=\"ailto:internacionales@central.uncoma.edu.ar\">internacionales@central.uncoma.edu.ar<\/a><br \/>\n+54 299 449 0304 \/0305 \/0310<\/p>\n","protected":false},"excerpt":{"rendered":"<p>El Instituto Yunus Emre organiza un curso de verano para el aprendizaje del idioma turco; ofrece una \u00fanica y bella oportunidad para conocer numerosas ciudades de las siete regiones de Turqu\u00eda. Fecha de realizaci\u00f3n: 16 de julio al 12 de agosto de 2018. Requisitos Generales: tener entre 18 y 35 a\u00f1os, y no ser ciudadano [&hellip;]<\/p>\n","protected":false},"author":2,"featured_media":19349,"comment_status":"closed","ping_status":"closed","sticky":false,"template":"","format":"standard","meta":{"footnotes":""},"categories":[11,5],"tags":[],"class_list":["post-19348","post","type-post","status-publish","format-standard","has-post-thumbnail","hentry","category-11","category-notifadecs"],"_links":{"self":[{"href":"https:\/\/fadeweb.uncoma.edu.ar\/index.php\/wp-json\/wp\/v2\/posts\/19348","targetHints":{"allow":["GET"]}}],"collection":[{"href":"https:\/\/fadeweb.uncoma.edu.ar\/index.php\/wp-json\/wp\/v2\/posts"}],"about":[{"href":"https:\/\/fadeweb.uncoma.edu.ar\/index.php\/wp-json\/wp\/v2\/types\/post"}],"author":[{"embeddable":true,"href":"https:\/\/fadeweb.uncoma.edu.ar\/index.php\/wp-json\/wp\/v2\/users\/2"}],"replies":[{"embeddable":true,"href":"https:\/\/fadeweb.uncoma.edu.ar\/index.php\/wp-json\/wp\/v2\/comments?post=19348"}],"version-history":[{"count":1,"href":"https:\/\/fadeweb.uncoma.edu.ar\/index.php\/wp-json\/wp\/v2\/posts\/19348\/revisions"}],"predecessor-version":[{"id":19350,"href":"https:\/\/fadeweb.uncoma.edu.ar\/index.php\/wp-json\/wp\/v2\/posts\/19348\/revisions\/19350"}],"wp:featuredmedia":[{"embeddable":true,"href":"https:\/\/fadeweb.uncoma.edu.ar\/index.php\/wp-json\/wp\/v2\/media\/19349"}],"wp:attachment":[{"href":"https:\/\/fadeweb.uncoma.edu.ar\/index.php\/wp-json\/wp\/v2\/media?parent=19348"}],"wp:term":[{"taxonomy":"category","embeddable":true,"href":"https:\/\/fadeweb.uncoma.edu.ar\/index.php\/wp-json\/wp\/v2\/categories?post=19348"},{"taxonomy":"post_tag","embeddable":true,"href":"https:\/\/fadeweb.uncoma.edu.ar\/index.php\/wp-json\/wp\/v2\/tags?post=19348"}],"curies":[{"name":"wp","href":"https:\/\/api.w.org\/{rel}","templated":true}]}}