{"id":19331,"date":"2018-03-19T11:54:14","date_gmt":"2018-03-19T14:54:14","guid":{"rendered":"https:\/\/fadeweb.uncoma.edu.ar\/?p=19331"},"modified":"2024-02-20T11:55:44","modified_gmt":"2024-02-20T14:55:44","slug":"genero-y-diversidad-sexual","status":"publish","type":"post","link":"https:\/\/fadeweb.uncoma.edu.ar\/index.php\/2018\/03\/19\/genero-y-diversidad-sexual\/","title":{"rendered":"G\u00c9NERO Y DIVERSIDAD SEXUAL"},"content":{"rendered":"<p><img fetchpriority=\"high\" decoding=\"async\" class=\"alignnone size-full wp-image-19336\" src=\"https:\/\/fadeweb.uncoma.edu.ar\/wp-content\/uploads\/2024\/02\/GENERO-Y-DIVERSIDAD-SEXUAL.jpg\" alt=\"\" width=\"794\" height=\"731\" srcset=\"https:\/\/fadeweb.uncoma.edu.ar\/wp-content\/uploads\/2024\/02\/GENERO-Y-DIVERSIDAD-SEXUAL.jpg 794w, https:\/\/fadeweb.uncoma.edu.ar\/wp-content\/uploads\/2024\/02\/GENERO-Y-DIVERSIDAD-SEXUAL-300x276.jpg 300w, https:\/\/fadeweb.uncoma.edu.ar\/wp-content\/uploads\/2024\/02\/GENERO-Y-DIVERSIDAD-SEXUAL-768x707.jpg 768w\" sizes=\"(max-width: 794px) 100vw, 794px\" \/><\/p>\n<p class=\"texto\">La Secretar\u00eda de Extensi\u00f3n y Asuntos Estudiantiles de la FADECS informa que se realizar\u00e1 una Jornada de capacitaci\u00f3n: \u00abG\u00e9nero y Diversidad Sexual, Nivel I Perspectivas para el abordaje territorial\u00bb,\u00a0 este<strong> jueves 22 de marzo de 9 a 17 en el aula 35<\/strong> de la Facultad de Derecho y Ciencias Sociales.<\/p>\n<p class=\"texto\">La capacitaci\u00f3n esta dirigida a t\u00e9cnicos administrativos y profesionales del Ministerio de Desarrollo Social de la Naci\u00f3n, referentes del programa de educaci\u00f3n sexual integral y \u00e1reas municipales que trabajen en la tem\u00e1tica, organizaciones no gubernamentales, profesionales y\/o estudiantes de carreras afines que les interese profundizar en la tematica.<\/p>\n<p class=\"texto\">Las capacitaciones sobre diversidad sexual se llevan adelante con el objetivo de ampliar las herramientas para abordar las problem\u00e1ticas de g\u00e9nero. El eje de la actividad es el derecho a la igualdad de oportunidades de las poblaciones LGBT (lesbianas, gays, bisexuales y trans). Las charlas se ofrecen para que toda la comunidad tenga los recursos necesarios para abordar cualquier tipo de situaci\u00f3n o problem\u00e1tica de g\u00e9nero que se presente en su vida diaria y\/o laboral.<\/p>\n<p class=\"texto\">Para recibir m\u00e1s informaci\u00f3n pueden acercarse a la Secretar\u00eda de Extensi\u00f3n y Asuntos Estudiantiles de la FADECS, en Mendoza y Per\u00fa de General Roca, o comunicarse telef\u00f3nicamente al (0298) 4433668 interno 26, o por mail a\u00a0<a href=\"mailto:secretaria.extension@fade.uncoma.edu.ar\">secretaria.extension@fade.uncoma.edu.ar<\/a>.<\/p>\n<p class=\"texto\"><a href=\"http:\/\/bit.ly\/2tZPeSR\">Se adjunta programa de la capacitaci\u00f3n.<\/a><\/p>\n","protected":false},"excerpt":{"rendered":"<p>La Secretar\u00eda de Extensi\u00f3n y Asuntos Estudiantiles de la FADECS informa que se realizar\u00e1 una Jornada de capacitaci\u00f3n: \u00abG\u00e9nero y Diversidad Sexual, Nivel I Perspectivas para el abordaje territorial\u00bb,\u00a0 este jueves 22 de marzo de 9 a 17 en el aula 35 de la Facultad de Derecho y Ciencias Sociales. La capacitaci\u00f3n esta dirigida a [&hellip;]<\/p>\n","protected":false},"author":2,"featured_media":19336,"comment_status":"closed","ping_status":"closed","sticky":false,"template":"","format":"standard","meta":{"footnotes":""},"categories":[11,5],"tags":[],"class_list":["post-19331","post","type-post","status-publish","format-standard","has-post-thumbnail","hentry","category-11","category-notifadecs"],"_links":{"self":[{"href":"https:\/\/fadeweb.uncoma.edu.ar\/index.php\/wp-json\/wp\/v2\/posts\/19331","targetHints":{"allow":["GET"]}}],"collection":[{"href":"https:\/\/fadeweb.uncoma.edu.ar\/index.php\/wp-json\/wp\/v2\/posts"}],"about":[{"href":"https:\/\/fadeweb.uncoma.edu.ar\/index.php\/wp-json\/wp\/v2\/types\/post"}],"author":[{"embeddable":true,"href":"https:\/\/fadeweb.uncoma.edu.ar\/index.php\/wp-json\/wp\/v2\/users\/2"}],"replies":[{"embeddable":true,"href":"https:\/\/fadeweb.uncoma.edu.ar\/index.php\/wp-json\/wp\/v2\/comments?post=19331"}],"version-history":[{"count":1,"href":"https:\/\/fadeweb.uncoma.edu.ar\/index.php\/wp-json\/wp\/v2\/posts\/19331\/revisions"}],"predecessor-version":[{"id":19338,"href":"https:\/\/fadeweb.uncoma.edu.ar\/index.php\/wp-json\/wp\/v2\/posts\/19331\/revisions\/19338"}],"wp:featuredmedia":[{"embeddable":true,"href":"https:\/\/fadeweb.uncoma.edu.ar\/index.php\/wp-json\/wp\/v2\/media\/19336"}],"wp:attachment":[{"href":"https:\/\/fadeweb.uncoma.edu.ar\/index.php\/wp-json\/wp\/v2\/media?parent=19331"}],"wp:term":[{"taxonomy":"category","embeddable":true,"href":"https:\/\/fadeweb.uncoma.edu.ar\/index.php\/wp-json\/wp\/v2\/categories?post=19331"},{"taxonomy":"post_tag","embeddable":true,"href":"https:\/\/fadeweb.uncoma.edu.ar\/index.php\/wp-json\/wp\/v2\/tags?post=19331"}],"curies":[{"name":"wp","href":"https:\/\/api.w.org\/{rel}","templated":true}]}}