{"id":19326,"date":"2018-03-19T11:52:21","date_gmt":"2018-03-19T14:52:21","guid":{"rendered":"https:\/\/fadeweb.uncoma.edu.ar\/?p=19326"},"modified":"2024-02-20T11:53:14","modified_gmt":"2024-02-20T14:53:14","slug":"se-inaugura-la-muestra-juicio-y-castigo-imagenes-para-no-olvidar-dentro-del-programa-derechos-humanos-juventud-y-memoria-en-la-fadecs","status":"publish","type":"post","link":"https:\/\/fadeweb.uncoma.edu.ar\/index.php\/2018\/03\/19\/se-inaugura-la-muestra-juicio-y-castigo-imagenes-para-no-olvidar-dentro-del-programa-derechos-humanos-juventud-y-memoria-en-la-fadecs\/","title":{"rendered":"SE INAUGURA LA MUESTRA \u00abJUICIO Y CASTIGO, IM\u00c1GENES PARA NO OLVIDAR\u00bb DENTRO DEL PROGRAMA \u00abDERECHOS HUMANOS, JUVENTUD Y MEMORIA\u00bb EN LA FADECS"},"content":{"rendered":"<p><img fetchpriority=\"high\" decoding=\"async\" class=\"alignnone size-large wp-image-19327\" src=\"https:\/\/fadeweb.uncoma.edu.ar\/wp-content\/uploads\/2024\/02\/muestra-24marzo-1024x633.jpg\" alt=\"\" width=\"800\" height=\"495\" srcset=\"https:\/\/fadeweb.uncoma.edu.ar\/wp-content\/uploads\/2024\/02\/muestra-24marzo-1024x633.jpg 1024w, https:\/\/fadeweb.uncoma.edu.ar\/wp-content\/uploads\/2024\/02\/muestra-24marzo-300x186.jpg 300w, https:\/\/fadeweb.uncoma.edu.ar\/wp-content\/uploads\/2024\/02\/muestra-24marzo-768x475.jpg 768w, https:\/\/fadeweb.uncoma.edu.ar\/wp-content\/uploads\/2024\/02\/muestra-24marzo.jpg 1240w\" sizes=\"(max-width: 800px) 100vw, 800px\" \/><\/p>\n<p class=\"texto\">El Decano de la FADECS y su equipo de gesti\u00f3n, tienen el agrado de invitar a toda la comunidad universitaria a la inauguraci\u00f3n\u00a0de la muestra\u00a0<strong>\u00abJuicio y Castigo, Im\u00e1genes para no olvidar\u00bb<\/strong>, la cual se llevar\u00e1 a cabo este <strong>Viernes 23 de Marzo a las 18 hs<\/strong> en los pasillos del edificio nuevo de la Facultad de Derecho y Ciencias Sociales.<\/p>\n<p class=\"texto\">La apertura consiste en una visita guiada\u00a0por\u00a0los cuatro ejes tem\u00e1ticos de la muestra:\u00a0\u00abEl terrorismo de Estado\u00bb, con sus sistema aplicado en toda Latinoam\u00e9rica;\u00a0 \u00abNuestros compa\u00f1eros\u00bb, con fotos e historias de vida de los 113 desaparecidos de la zona; \u00abTodos contra la impunidad\u00bb; y\u00a0 \u00abLos juicios\u00bb conocidos como La Escuelita I ,II, III y IV,\u00a0\u00a0a cargo de Noem\u00ed Labrune, referente de la\u00a0Asamblea Permanente por los Derechos Humanos en Neuqu\u00e9n (APDH).<\/p>\n<p class=\"texto\">La presentaci\u00f3n de la muestra es una realizaci\u00f3n alcanzada a partir de un trabajo conjunto entre las Secretar\u00edas de Extensi\u00f3n de la FADECS y de la UNCo, y la Asamblea Permanente por los Derechos Humanos.<\/p>\n<p class=\"texto\">El programa denominado \u00abDerechos Humanos, Juventud y Memoria\u00bb que comienza este viernes 23 de Marzo, incluye adem\u00e1s cine debate, teatro, ciclo de charlas, y visitas guiadas a escuelas secundarias y otras instituciones, las cuales deber\u00e1n coordinarse con la Secretar\u00eda de Extensi\u00f3n de la FADECS, a los siguientes contactos:\u00a0<a href=\"mailto:secretaria.extension@fade.uncoma.edu.ar\">secretaria.extension@fade.uncoma.edu.ar<\/a>, tel\u00e9fono 0298-4433668 int. 26.<\/p>\n","protected":false},"excerpt":{"rendered":"<p>El Decano de la FADECS y su equipo de gesti\u00f3n, tienen el agrado de invitar a toda la comunidad universitaria a la inauguraci\u00f3n\u00a0de la muestra\u00a0\u00abJuicio y Castigo, Im\u00e1genes para no olvidar\u00bb, la cual se llevar\u00e1 a cabo este Viernes 23 de Marzo a las 18 hs en los pasillos del edificio nuevo de la Facultad [&hellip;]<\/p>\n","protected":false},"author":2,"featured_media":19327,"comment_status":"closed","ping_status":"closed","sticky":false,"template":"","format":"standard","meta":{"footnotes":""},"categories":[11,5],"tags":[],"class_list":["post-19326","post","type-post","status-publish","format-standard","has-post-thumbnail","hentry","category-11","category-notifadecs"],"_links":{"self":[{"href":"https:\/\/fadeweb.uncoma.edu.ar\/index.php\/wp-json\/wp\/v2\/posts\/19326","targetHints":{"allow":["GET"]}}],"collection":[{"href":"https:\/\/fadeweb.uncoma.edu.ar\/index.php\/wp-json\/wp\/v2\/posts"}],"about":[{"href":"https:\/\/fadeweb.uncoma.edu.ar\/index.php\/wp-json\/wp\/v2\/types\/post"}],"author":[{"embeddable":true,"href":"https:\/\/fadeweb.uncoma.edu.ar\/index.php\/wp-json\/wp\/v2\/users\/2"}],"replies":[{"embeddable":true,"href":"https:\/\/fadeweb.uncoma.edu.ar\/index.php\/wp-json\/wp\/v2\/comments?post=19326"}],"version-history":[{"count":1,"href":"https:\/\/fadeweb.uncoma.edu.ar\/index.php\/wp-json\/wp\/v2\/posts\/19326\/revisions"}],"predecessor-version":[{"id":19328,"href":"https:\/\/fadeweb.uncoma.edu.ar\/index.php\/wp-json\/wp\/v2\/posts\/19326\/revisions\/19328"}],"wp:featuredmedia":[{"embeddable":true,"href":"https:\/\/fadeweb.uncoma.edu.ar\/index.php\/wp-json\/wp\/v2\/media\/19327"}],"wp:attachment":[{"href":"https:\/\/fadeweb.uncoma.edu.ar\/index.php\/wp-json\/wp\/v2\/media?parent=19326"}],"wp:term":[{"taxonomy":"category","embeddable":true,"href":"https:\/\/fadeweb.uncoma.edu.ar\/index.php\/wp-json\/wp\/v2\/categories?post=19326"},{"taxonomy":"post_tag","embeddable":true,"href":"https:\/\/fadeweb.uncoma.edu.ar\/index.php\/wp-json\/wp\/v2\/tags?post=19326"}],"curies":[{"name":"wp","href":"https:\/\/api.w.org\/{rel}","templated":true}]}}