{"id":19267,"date":"2018-03-23T12:16:17","date_gmt":"2018-03-23T15:16:17","guid":{"rendered":"https:\/\/fadeweb.uncoma.edu.ar\/?p=19267"},"modified":"2024-02-19T12:17:08","modified_gmt":"2024-02-19T15:17:08","slug":"postgrado-especializacion-en-derecho-penal-y-ciencias-penales","status":"publish","type":"post","link":"https:\/\/fadeweb.uncoma.edu.ar\/index.php\/2018\/03\/23\/postgrado-especializacion-en-derecho-penal-y-ciencias-penales\/","title":{"rendered":"POSTGRADO ESPECIALIZACI\u00d3N EN DERECHO PENAL Y CIENCIAS PENALES"},"content":{"rendered":"<p><img fetchpriority=\"high\" decoding=\"async\" class=\"alignnone size-large wp-image-8819\" src=\"https:\/\/fadeweb.uncoma.edu.ar\/wp-content\/uploads\/2022\/10\/penal-1024x768.jpg\" alt=\"\" width=\"800\" height=\"600\" srcset=\"https:\/\/fadeweb.uncoma.edu.ar\/wp-content\/uploads\/2022\/10\/penal-1024x768.jpg 1024w, https:\/\/fadeweb.uncoma.edu.ar\/wp-content\/uploads\/2022\/10\/penal-300x225.jpg 300w, https:\/\/fadeweb.uncoma.edu.ar\/wp-content\/uploads\/2022\/10\/penal-768x576.jpg 768w, https:\/\/fadeweb.uncoma.edu.ar\/wp-content\/uploads\/2022\/10\/penal-1536x1152.jpg 1536w, https:\/\/fadeweb.uncoma.edu.ar\/wp-content\/uploads\/2022\/10\/penal.jpg 1920w\" sizes=\"(max-width: 800px) 100vw, 800px\" \/><\/p>\n<p class=\"texto\">El martes 27 de marzo a las 18 horas se realizar\u00e1 la primera reuni\u00f3n informativa para los estudiantes pre-inscriptos a la 6\u00ba cohorte de la Carrera de Postgrado Especializaci\u00f3n en Derecho Penal y Ciencias Penales. El encuentro tendr\u00e1 lugar en el Aula Magna de la FADECS.<\/p>\n<p class=\"texto\">En la oportunidad el director de la carrera \u2013 Dr. Alberto Binder- y el co- director, Esp. Nicol\u00e1s Garc\u00eda, har\u00e1n una presentaci\u00f3n de los aspectos curriculares y acad\u00e9micos de esta formaci\u00f3n de postgrado.<\/p>\n<p class=\"texto\">El personal de la Direcci\u00f3n de Postgrado informar\u00e1 a los estudiantes sobre el modo de vinculaci\u00f3n con el SIU Guaran\u00ed para la administraci\u00f3n acad\u00e9mica, el uso de la Plataforma Educativa a Distancia (PEDCO); as\u00ed como otros aspectos relacionados a cuestiones de gesti\u00f3n de la carrera.<\/p>\n","protected":false},"excerpt":{"rendered":"<p>El martes 27 de marzo a las 18 horas se realizar\u00e1 la primera reuni\u00f3n informativa para los estudiantes pre-inscriptos a la 6\u00ba cohorte de la Carrera de Postgrado Especializaci\u00f3n en Derecho Penal y Ciencias Penales. El encuentro tendr\u00e1 lugar en el Aula Magna de la FADECS. En la oportunidad el director de la carrera \u2013 [&hellip;]<\/p>\n","protected":false},"author":2,"featured_media":8819,"comment_status":"closed","ping_status":"closed","sticky":false,"template":"","format":"standard","meta":{"footnotes":""},"categories":[11,5],"tags":[],"class_list":["post-19267","post","type-post","status-publish","format-standard","has-post-thumbnail","hentry","category-11","category-notifadecs"],"_links":{"self":[{"href":"https:\/\/fadeweb.uncoma.edu.ar\/index.php\/wp-json\/wp\/v2\/posts\/19267","targetHints":{"allow":["GET"]}}],"collection":[{"href":"https:\/\/fadeweb.uncoma.edu.ar\/index.php\/wp-json\/wp\/v2\/posts"}],"about":[{"href":"https:\/\/fadeweb.uncoma.edu.ar\/index.php\/wp-json\/wp\/v2\/types\/post"}],"author":[{"embeddable":true,"href":"https:\/\/fadeweb.uncoma.edu.ar\/index.php\/wp-json\/wp\/v2\/users\/2"}],"replies":[{"embeddable":true,"href":"https:\/\/fadeweb.uncoma.edu.ar\/index.php\/wp-json\/wp\/v2\/comments?post=19267"}],"version-history":[{"count":1,"href":"https:\/\/fadeweb.uncoma.edu.ar\/index.php\/wp-json\/wp\/v2\/posts\/19267\/revisions"}],"predecessor-version":[{"id":19268,"href":"https:\/\/fadeweb.uncoma.edu.ar\/index.php\/wp-json\/wp\/v2\/posts\/19267\/revisions\/19268"}],"wp:featuredmedia":[{"embeddable":true,"href":"https:\/\/fadeweb.uncoma.edu.ar\/index.php\/wp-json\/wp\/v2\/media\/8819"}],"wp:attachment":[{"href":"https:\/\/fadeweb.uncoma.edu.ar\/index.php\/wp-json\/wp\/v2\/media?parent=19267"}],"wp:term":[{"taxonomy":"category","embeddable":true,"href":"https:\/\/fadeweb.uncoma.edu.ar\/index.php\/wp-json\/wp\/v2\/categories?post=19267"},{"taxonomy":"post_tag","embeddable":true,"href":"https:\/\/fadeweb.uncoma.edu.ar\/index.php\/wp-json\/wp\/v2\/tags?post=19267"}],"curies":[{"name":"wp","href":"https:\/\/api.w.org\/{rel}","templated":true}]}}