{"id":19261,"date":"2018-03-23T12:10:41","date_gmt":"2018-03-23T15:10:41","guid":{"rendered":"https:\/\/fadeweb.uncoma.edu.ar\/?p=19261"},"modified":"2024-02-19T12:11:37","modified_gmt":"2024-02-19T15:11:37","slug":"repudio-al-asesinato-de-marielle-franco-en-rio-de-janeiro-brasil-y-apoyo-al-pronunciamiento-de-la-asociacion-brasilena-de-ensenanza-y-pesquisa-en-servicio-social-alaeits","status":"publish","type":"post","link":"https:\/\/fadeweb.uncoma.edu.ar\/index.php\/2018\/03\/23\/repudio-al-asesinato-de-marielle-franco-en-rio-de-janeiro-brasil-y-apoyo-al-pronunciamiento-de-la-asociacion-brasilena-de-ensenanza-y-pesquisa-en-servicio-social-alaeits\/","title":{"rendered":"REPUDIO AL ASESINATO DE MARIELLE FRANCO EN R\u00cdO DE JANEIRO, BRASIL Y APOYO AL PRONUNCIAMIENTO DE LA ASOCIACI\u00d3N BRASILE\u00d1A DE ENSE\u00d1ANZA Y PESQUISA EN SERVICIO SOCIAL (ALAEITS)"},"content":{"rendered":"<p><img fetchpriority=\"high\" decoding=\"async\" class=\"alignnone size-large wp-image-19262\" src=\"https:\/\/fadeweb.uncoma.edu.ar\/wp-content\/uploads\/2024\/02\/ramf-2-791x1024.jpg\" alt=\"\" width=\"791\" height=\"1024\" srcset=\"https:\/\/fadeweb.uncoma.edu.ar\/wp-content\/uploads\/2024\/02\/ramf-2-791x1024.jpg 791w, https:\/\/fadeweb.uncoma.edu.ar\/wp-content\/uploads\/2024\/02\/ramf-2-232x300.jpg 232w, https:\/\/fadeweb.uncoma.edu.ar\/wp-content\/uploads\/2024\/02\/ramf-2-768x994.jpg 768w, https:\/\/fadeweb.uncoma.edu.ar\/wp-content\/uploads\/2024\/02\/ramf-2-1187x1536.jpg 1187w, https:\/\/fadeweb.uncoma.edu.ar\/wp-content\/uploads\/2024\/02\/ramf-2.jpg 1224w\" sizes=\"(max-width: 791px) 100vw, 791px\" \/><\/p>\n<p>El mandato de una mujer negra, favelada, perif\u00e9rica, necesita estar pautado junto a los movimientos sociales, junto a la sociedad civil organizada, junto a quien est\u00e1 haciendo para fortalecernos en aquel lugar\u00a0donde la gente objetivamente no se reconoce, no se encuentra, no se ve.<\/p>\n<p>Marielle Francisco da Silva (27 de julio de 1979 &#8211; 14 de marzo de 2018)<\/p>\n","protected":false},"excerpt":{"rendered":"<p>El mandato de una mujer negra, favelada, perif\u00e9rica, necesita estar pautado junto a los movimientos sociales, junto a la sociedad civil organizada, junto a quien est\u00e1 haciendo para fortalecernos en aquel lugar\u00a0donde la gente objetivamente no se reconoce, no se encuentra, no se ve. Marielle Francisco da Silva (27 de julio de 1979 &#8211; 14 [&hellip;]<\/p>\n","protected":false},"author":2,"featured_media":19262,"comment_status":"closed","ping_status":"closed","sticky":false,"template":"","format":"standard","meta":{"footnotes":""},"categories":[11,5],"tags":[],"class_list":["post-19261","post","type-post","status-publish","format-standard","has-post-thumbnail","hentry","category-11","category-notifadecs"],"_links":{"self":[{"href":"https:\/\/fadeweb.uncoma.edu.ar\/index.php\/wp-json\/wp\/v2\/posts\/19261","targetHints":{"allow":["GET"]}}],"collection":[{"href":"https:\/\/fadeweb.uncoma.edu.ar\/index.php\/wp-json\/wp\/v2\/posts"}],"about":[{"href":"https:\/\/fadeweb.uncoma.edu.ar\/index.php\/wp-json\/wp\/v2\/types\/post"}],"author":[{"embeddable":true,"href":"https:\/\/fadeweb.uncoma.edu.ar\/index.php\/wp-json\/wp\/v2\/users\/2"}],"replies":[{"embeddable":true,"href":"https:\/\/fadeweb.uncoma.edu.ar\/index.php\/wp-json\/wp\/v2\/comments?post=19261"}],"version-history":[{"count":1,"href":"https:\/\/fadeweb.uncoma.edu.ar\/index.php\/wp-json\/wp\/v2\/posts\/19261\/revisions"}],"predecessor-version":[{"id":19263,"href":"https:\/\/fadeweb.uncoma.edu.ar\/index.php\/wp-json\/wp\/v2\/posts\/19261\/revisions\/19263"}],"wp:featuredmedia":[{"embeddable":true,"href":"https:\/\/fadeweb.uncoma.edu.ar\/index.php\/wp-json\/wp\/v2\/media\/19262"}],"wp:attachment":[{"href":"https:\/\/fadeweb.uncoma.edu.ar\/index.php\/wp-json\/wp\/v2\/media?parent=19261"}],"wp:term":[{"taxonomy":"category","embeddable":true,"href":"https:\/\/fadeweb.uncoma.edu.ar\/index.php\/wp-json\/wp\/v2\/categories?post=19261"},{"taxonomy":"post_tag","embeddable":true,"href":"https:\/\/fadeweb.uncoma.edu.ar\/index.php\/wp-json\/wp\/v2\/tags?post=19261"}],"curies":[{"name":"wp","href":"https:\/\/api.w.org\/{rel}","templated":true}]}}