{"id":19258,"date":"2018-03-23T12:09:17","date_gmt":"2018-03-23T15:09:17","guid":{"rendered":"https:\/\/fadeweb.uncoma.edu.ar\/?p=19258"},"modified":"2024-02-19T12:10:12","modified_gmt":"2024-02-19T15:10:12","slug":"repudio-por-el-asesinato-de-marielle-franco","status":"publish","type":"post","link":"https:\/\/fadeweb.uncoma.edu.ar\/index.php\/2018\/03\/23\/repudio-por-el-asesinato-de-marielle-franco\/","title":{"rendered":"REPUDIO POR EL ASESINATO DE MARIELLE FRANCO"},"content":{"rendered":"<p><img fetchpriority=\"high\" decoding=\"async\" class=\"alignnone size-large wp-image-19259\" src=\"https:\/\/fadeweb.uncoma.edu.ar\/wp-content\/uploads\/2024\/02\/ramf-724x1024.jpg\" alt=\"\" width=\"724\" height=\"1024\" srcset=\"https:\/\/fadeweb.uncoma.edu.ar\/wp-content\/uploads\/2024\/02\/ramf-724x1024.jpg 724w, https:\/\/fadeweb.uncoma.edu.ar\/wp-content\/uploads\/2024\/02\/ramf-212x300.jpg 212w, https:\/\/fadeweb.uncoma.edu.ar\/wp-content\/uploads\/2024\/02\/ramf-768x1086.jpg 768w, https:\/\/fadeweb.uncoma.edu.ar\/wp-content\/uploads\/2024\/02\/ramf-1086x1536.jpg 1086w, https:\/\/fadeweb.uncoma.edu.ar\/wp-content\/uploads\/2024\/02\/ramf.jpg 1191w\" sizes=\"(max-width: 724px) 100vw, 724px\" \/><\/p>\n<p class=\"texto\">Pronunciamiento de la regi\u00f3n Am\u00e9rica Latina y el Caribe de la FITS: Repudio por el asesinato de Marielle Franco<\/p>\n<p class=\"texto\">Las organizaciones miembros de la Regi\u00f3n Am\u00e9rica Latina y El Caribe de la Federaci\u00f3n Internacional de Trabajadores Sociales (FITS) expresamos nuestro REPUDIO ABSOLUTO al ASESINATO POL\u00cdTICO de la joven Concejal de R\u00edo de Janeiro (Brasil) MARIELLE FRANCO, miembro del Partido Socialismo y Libertad (PSOL) de Brasil, quien fue\u00a0acribillada desde otro veh\u00edculo mientras volv\u00eda de realizar una actividad comunitaria en el Barrio de Lapa, de R\u00edo de Janeiro.<\/p>\n","protected":false},"excerpt":{"rendered":"<p>Pronunciamiento de la regi\u00f3n Am\u00e9rica Latina y el Caribe de la FITS: Repudio por el asesinato de Marielle Franco Las organizaciones miembros de la Regi\u00f3n Am\u00e9rica Latina y El Caribe de la Federaci\u00f3n Internacional de Trabajadores Sociales (FITS) expresamos nuestro REPUDIO ABSOLUTO al ASESINATO POL\u00cdTICO de la joven Concejal de R\u00edo de Janeiro (Brasil) MARIELLE [&hellip;]<\/p>\n","protected":false},"author":2,"featured_media":19259,"comment_status":"closed","ping_status":"closed","sticky":false,"template":"","format":"standard","meta":{"footnotes":""},"categories":[11,5],"tags":[],"class_list":["post-19258","post","type-post","status-publish","format-standard","has-post-thumbnail","hentry","category-11","category-notifadecs"],"_links":{"self":[{"href":"https:\/\/fadeweb.uncoma.edu.ar\/index.php\/wp-json\/wp\/v2\/posts\/19258","targetHints":{"allow":["GET"]}}],"collection":[{"href":"https:\/\/fadeweb.uncoma.edu.ar\/index.php\/wp-json\/wp\/v2\/posts"}],"about":[{"href":"https:\/\/fadeweb.uncoma.edu.ar\/index.php\/wp-json\/wp\/v2\/types\/post"}],"author":[{"embeddable":true,"href":"https:\/\/fadeweb.uncoma.edu.ar\/index.php\/wp-json\/wp\/v2\/users\/2"}],"replies":[{"embeddable":true,"href":"https:\/\/fadeweb.uncoma.edu.ar\/index.php\/wp-json\/wp\/v2\/comments?post=19258"}],"version-history":[{"count":1,"href":"https:\/\/fadeweb.uncoma.edu.ar\/index.php\/wp-json\/wp\/v2\/posts\/19258\/revisions"}],"predecessor-version":[{"id":19260,"href":"https:\/\/fadeweb.uncoma.edu.ar\/index.php\/wp-json\/wp\/v2\/posts\/19258\/revisions\/19260"}],"wp:featuredmedia":[{"embeddable":true,"href":"https:\/\/fadeweb.uncoma.edu.ar\/index.php\/wp-json\/wp\/v2\/media\/19259"}],"wp:attachment":[{"href":"https:\/\/fadeweb.uncoma.edu.ar\/index.php\/wp-json\/wp\/v2\/media?parent=19258"}],"wp:term":[{"taxonomy":"category","embeddable":true,"href":"https:\/\/fadeweb.uncoma.edu.ar\/index.php\/wp-json\/wp\/v2\/categories?post=19258"},{"taxonomy":"post_tag","embeddable":true,"href":"https:\/\/fadeweb.uncoma.edu.ar\/index.php\/wp-json\/wp\/v2\/tags?post=19258"}],"curies":[{"name":"wp","href":"https:\/\/api.w.org\/{rel}","templated":true}]}}