{"id":19255,"date":"2018-03-23T12:07:21","date_gmt":"2018-03-23T15:07:21","guid":{"rendered":"https:\/\/fadeweb.uncoma.edu.ar\/?p=19255"},"modified":"2024-02-19T12:08:33","modified_gmt":"2024-02-19T15:08:33","slug":"sosunc-la-obra-social-de-la-unco-renovo-autoridades","status":"publish","type":"post","link":"https:\/\/fadeweb.uncoma.edu.ar\/index.php\/2018\/03\/23\/sosunc-la-obra-social-de-la-unco-renovo-autoridades\/","title":{"rendered":"SOSUNC: LA OBRA SOCIAL DE LA UNCO RENOV\u00d3 AUTORIDADES"},"content":{"rendered":"<p><img fetchpriority=\"high\" decoding=\"async\" class=\"alignnone size-large wp-image-19256\" src=\"https:\/\/fadeweb.uncoma.edu.ar\/wp-content\/uploads\/2024\/02\/sosunc-1024x599.jpg\" alt=\"\" width=\"800\" height=\"468\" srcset=\"https:\/\/fadeweb.uncoma.edu.ar\/wp-content\/uploads\/2024\/02\/sosunc-1024x599.jpg 1024w, https:\/\/fadeweb.uncoma.edu.ar\/wp-content\/uploads\/2024\/02\/sosunc-300x176.jpg 300w, https:\/\/fadeweb.uncoma.edu.ar\/wp-content\/uploads\/2024\/02\/sosunc-768x450.jpg 768w, https:\/\/fadeweb.uncoma.edu.ar\/wp-content\/uploads\/2024\/02\/sosunc-1536x899.jpg 1536w, https:\/\/fadeweb.uncoma.edu.ar\/wp-content\/uploads\/2024\/02\/sosunc.jpg 1920w\" sizes=\"(max-width: 800px) 100vw, 800px\" \/><\/p>\n<p class=\"texto\">La obra social del personal de la Universidad Nacional del Comahue (UNCo), SOSUNC, renov\u00f3 sus autoridades.\u00a0 Los comicios se desarrollaron el pasado martes 20 de marzo y se eligieron tres representantes docentes y tres representantes no docentes para integrar el consejo de administraci\u00f3n.\u00a0 Ellos se suman a otros cuatro representantes elegidos por el Consejo Superior en diciembre pasado.<\/p>\n<p class=\"texto\">Resultaron electos por el claustro docente Laura Lamfre, Amelia Chorolque y Federico Horne, integrantes de la lista Celeste y Blanca, y por el claustro no docente Blanca Ocampo y Amelia Tarife\u00f1o de la lista Celeste y Sergio Boccardi de la lista Blanca Unidad Gremial. Los recientes consejeros electos se suman a los consejeros elegidos por el Consejo Superior, los docentes Gabriela Luchetti y Silvia Dussi y los no docentes Malena Villafa\u00f1e y Hugo de Le\u00f3n.<\/p>\n<p class=\"texto\">Consultado el vicerrector Daniel Nataine sobre el proceso electoral desarrollado opin\u00f3 que \u201cuna vez m\u00e1s la Universidad Nacional del Comahue muestra a la sociedad que dirime sus distintas formas de cogobierno de manera democr\u00e1tica.\u201d Afirm\u00f3 adem\u00e1s que \u201cel resultado ratifica la visi\u00f3n de los afiliados y afiliadas de ambos claustros de tener una sola obra social\u201d, porque \u201ccuando nosotros asumimos como autoridades universitarias tuvimos un reclamo de uno de los sectores gremiales de la Universidad en el sentido de dividir la obra social en docentes por un lado y no docentes por el otro, pero como este proceso no se puede realizar sin el acuerdo de las autoridades de la Universidad, el rector Gustavo Crisafulli fue muy claro y manifest\u00f3 que no iba a facilitar la divisi\u00f3n de la obra social\u201d.<\/p>\n<p class=\"texto\">En este sentido, Nataine destac\u00f3 que \u201ceste encuentro de unidad entre docentes y no docentes, m\u00e1s all\u00e1 del rol que cumplimos en la Universidad en el proceso de formaci\u00f3n, permite que la obra social se sienta fortalecida, los afiliados y afiliadas valoran una obra social con mecanismo de transparencia en la administraci\u00f3n, con toma de decisiones pol\u00edticas que los representan frente a todos los grupos de inter\u00e9s que hay en el sistema de salud\u201d.<\/p>\n<p class=\"texto\">\u201cHacemos una lectura que en esta elecci\u00f3n ha habido un encuentro de distintos espacios que tenemos pertenencias pol\u00edticas distintas en la Universidad y que incluso competimos en las pr\u00f3ximas elecciones pero que ha habido un acuerdo muy importante que es enfrentar este proceso de normalizaci\u00f3n y democratizaci\u00f3n priorizando visiones compartidas de fortalecer la obra social porque est\u00e1n en juego los servicios de salud de nuestras familias\u201d, expres\u00f3 el vicerrector.<\/p>\n<p class=\"texto\">Fuente: Prensa UNComa<\/p>\n","protected":false},"excerpt":{"rendered":"<p>La obra social del personal de la Universidad Nacional del Comahue (UNCo), SOSUNC, renov\u00f3 sus autoridades.\u00a0 Los comicios se desarrollaron el pasado martes 20 de marzo y se eligieron tres representantes docentes y tres representantes no docentes para integrar el consejo de administraci\u00f3n.\u00a0 Ellos se suman a otros cuatro representantes elegidos por el Consejo Superior [&hellip;]<\/p>\n","protected":false},"author":2,"featured_media":19256,"comment_status":"closed","ping_status":"closed","sticky":false,"template":"","format":"standard","meta":{"footnotes":""},"categories":[11,5],"tags":[],"class_list":["post-19255","post","type-post","status-publish","format-standard","has-post-thumbnail","hentry","category-11","category-notifadecs"],"_links":{"self":[{"href":"https:\/\/fadeweb.uncoma.edu.ar\/index.php\/wp-json\/wp\/v2\/posts\/19255","targetHints":{"allow":["GET"]}}],"collection":[{"href":"https:\/\/fadeweb.uncoma.edu.ar\/index.php\/wp-json\/wp\/v2\/posts"}],"about":[{"href":"https:\/\/fadeweb.uncoma.edu.ar\/index.php\/wp-json\/wp\/v2\/types\/post"}],"author":[{"embeddable":true,"href":"https:\/\/fadeweb.uncoma.edu.ar\/index.php\/wp-json\/wp\/v2\/users\/2"}],"replies":[{"embeddable":true,"href":"https:\/\/fadeweb.uncoma.edu.ar\/index.php\/wp-json\/wp\/v2\/comments?post=19255"}],"version-history":[{"count":1,"href":"https:\/\/fadeweb.uncoma.edu.ar\/index.php\/wp-json\/wp\/v2\/posts\/19255\/revisions"}],"predecessor-version":[{"id":19257,"href":"https:\/\/fadeweb.uncoma.edu.ar\/index.php\/wp-json\/wp\/v2\/posts\/19255\/revisions\/19257"}],"wp:featuredmedia":[{"embeddable":true,"href":"https:\/\/fadeweb.uncoma.edu.ar\/index.php\/wp-json\/wp\/v2\/media\/19256"}],"wp:attachment":[{"href":"https:\/\/fadeweb.uncoma.edu.ar\/index.php\/wp-json\/wp\/v2\/media?parent=19255"}],"wp:term":[{"taxonomy":"category","embeddable":true,"href":"https:\/\/fadeweb.uncoma.edu.ar\/index.php\/wp-json\/wp\/v2\/categories?post=19255"},{"taxonomy":"post_tag","embeddable":true,"href":"https:\/\/fadeweb.uncoma.edu.ar\/index.php\/wp-json\/wp\/v2\/tags?post=19255"}],"curies":[{"name":"wp","href":"https:\/\/api.w.org\/{rel}","templated":true}]}}