{"id":19252,"date":"2018-03-23T12:04:55","date_gmt":"2018-03-23T15:04:55","guid":{"rendered":"https:\/\/fadeweb.uncoma.edu.ar\/?p=19252"},"modified":"2024-02-19T12:07:03","modified_gmt":"2024-02-19T15:07:03","slug":"superar-el-desconocimiento-para-alcanzar-un-trato-digno","status":"publish","type":"post","link":"https:\/\/fadeweb.uncoma.edu.ar\/index.php\/2018\/03\/23\/superar-el-desconocimiento-para-alcanzar-un-trato-digno\/","title":{"rendered":"SUPERAR EL DESCONOCIMIENTO PARA ALCANZAR UN TRATO DIGNO"},"content":{"rendered":"<p><img fetchpriority=\"high\" decoding=\"async\" class=\"alignnone size-large wp-image-19253\" src=\"https:\/\/fadeweb.uncoma.edu.ar\/wp-content\/uploads\/2024\/02\/nicolas-Giammona-1024x738.jpg\" alt=\"\" width=\"800\" height=\"577\" srcset=\"https:\/\/fadeweb.uncoma.edu.ar\/wp-content\/uploads\/2024\/02\/nicolas-Giammona-1024x738.jpg 1024w, https:\/\/fadeweb.uncoma.edu.ar\/wp-content\/uploads\/2024\/02\/nicolas-Giammona-300x216.jpg 300w, https:\/\/fadeweb.uncoma.edu.ar\/wp-content\/uploads\/2024\/02\/nicolas-Giammona-768x553.jpg 768w, https:\/\/fadeweb.uncoma.edu.ar\/wp-content\/uploads\/2024\/02\/nicolas-Giammona-1536x1106.jpg 1536w, https:\/\/fadeweb.uncoma.edu.ar\/wp-content\/uploads\/2024\/02\/nicolas-Giammona.jpg 1920w\" sizes=\"(max-width: 800px) 100vw, 800px\" \/><\/p>\n<p class=\"texto\">La Jornada \u00abG\u00e9nero y Diversidad Sexual\u00bb, que se desarrolla este jueves 22 de marzo de 9 a 17 en el aula 35 de la Facultad de Derecho y Ciencias Sociales, se propone alcanzar un nivel com\u00fan de capacitaci\u00f3n en cada una de las regiones del pa\u00eds. El programa tiene por fin brindar un espacio en el que se pueda acceder al conocimiento del trato digno de una poblaci\u00f3n sobre la que muy poco se conoce. Por otro lado, dar cuenta de los casos de extrema vulnerabilidad que padece gran parte del colectivo de LGBTIQ por no tener acceso ni siquiera a las pol\u00edticas p\u00fablicas. El Licenciado en Psicolog\u00eda Nicol\u00e1s Giammona, Coordinador Nacional de Diversidad Sexual del Ministerio de Desarrollo Social de Naci\u00f3n, nos explic\u00f3 algunos aspectos referidos al alcance del encuentro.<\/p>\n<p class=\"texto\"><strong>Pregunta. \u00bfCu\u00e1l es el objetivo de la Jornada y a qui\u00e9nes est\u00e1 dirigida?<\/strong><br \/>\n<strong>Respuesta.<\/strong> El objetivo de la jornada es capacitar a agentes gubernamentales del Ministerio de Desarrollo Social de Naci\u00f3n que est\u00e1n trabajando en General Roca y zonas aleda\u00f1as. El sentido es llevar el mensaje de la Ley de Identidad de G\u00e9nero y de Matrimonio Igualitario a las instituciones p\u00fablicas.<\/p>\n<p class=\"texto\">En su origen estaba dirigido a agentes gubernamentales que trabajan la tem\u00e1tica de g\u00e9nero y diversidad sexual, pero tambi\u00e9n para toda la poblaci\u00f3n que quiera formarse en el paradigma igualitario, por ello se abri\u00f3 a los estudiantes de la Universidad Nacional del Comahue.<\/p>\n<p class=\"texto\"><strong>P. \u00bfCu\u00e1les son los ejes tem\u00e1ticos que se abordan?<\/strong><br \/>\n<strong>R<\/strong>. Nosotros trabajamos en particular la cadena sexo-g\u00e9nero-deseo, que viene de autores de la Teor\u00eda Queer; contamos con muchos referentes a nivel nacional e internacional de lo que es una alternativa a lo acad\u00e9mico. Por ejemplo, la cadena sexo-genero-deseo que viene de Judith Butler, y en funci\u00f3n de eso tratamos de hacer una deconstrucci\u00f3n del r\u00e9gimen heteronormativo; esa idea de pensar la heterosexualidad como la norma por la cual uno se tiene que guiar, y todo lo dem\u00e1s es lo que no encaja dentro de ese r\u00e9gimen, es algo raro, bizarro, abyecto. Tratamos de deconstruir esa mirada, ese preconcepto, y abordar la idea de ya no hay dos sexos, dos g\u00e9neros y una sola opci\u00f3n de deseo, sino que las alternativas son m\u00e1s variadas, y el reconocimiento de los derechos para todas las personas del colectivo LGBTIQ.<\/p>\n<p class=\"texto\"><strong>P. En lo cotidiano, \u00bfque tipo de situaciones a trabajar se presentan en las oficinas p\u00fablicas?<\/strong><br \/>\n<strong>R. <\/strong>Nuestro instructivo se llama \u00abDe la ley a la pr\u00e1ctica\u00bb, porque la modificaci\u00f3n del matrimonio civil con lo que se llam\u00f3 Ley del matrimonio igualitario (2010) y lo que fue la Ley de identidad de g\u00e9nero (2012), est\u00e1n vigentes pero hay muchas personas que desconocen cuales son las particularidades de esas leyes.<\/p>\n<p class=\"texto\">Nosotros hacemos \u00e9nfasis en el art\u00edculo 12 de la Ley de identidad de g\u00e9nero que estipula lo que es el trato digno para todas las personas trans. En particular, porque todos los agentes que pertenecen a organismos p\u00fablicos que desentiendan lo que es el trato digno a personas trans, incurren en una ilegalidad a nivel institucional.<\/p>\n<p class=\"texto\"><strong>P. \u00bfEsta jornada cierra con alg\u00fan tipo de devoluci\u00f3n?<\/strong><br \/>\n<strong>R<\/strong>. La idea es tambi\u00e9n que no s\u00f3lo sea obligatorio para agentes gubernamentales de los Centros de Referencia del Ministerio, sino para todos aquellos organismos que trabajen la problem\u00e1tica de g\u00e9nero y diversidad sexual, y en este caso fue abierto a los estudiantes de la FADECS. Pero tambi\u00e9n tejer redes, vino una organizaci\u00f3n que se llama Asociaci\u00f3n de Trans yTrabajadoras Sexuales (ATTS), trans y del colectivo LGBTIQ, que trabaja con la tem\u00e1tica y que est\u00e1n muy involucradas. La idea es conocerlos y que nos conozcan y poder trabajar en conjunto.<\/p>\n","protected":false},"excerpt":{"rendered":"<p>La Jornada \u00abG\u00e9nero y Diversidad Sexual\u00bb, que se desarrolla este jueves 22 de marzo de 9 a 17 en el aula 35 de la Facultad de Derecho y Ciencias Sociales, se propone alcanzar un nivel com\u00fan de capacitaci\u00f3n en cada una de las regiones del pa\u00eds. El programa tiene por fin brindar un espacio en [&hellip;]<\/p>\n","protected":false},"author":2,"featured_media":19253,"comment_status":"closed","ping_status":"closed","sticky":false,"template":"","format":"standard","meta":{"footnotes":""},"categories":[11,5],"tags":[],"class_list":["post-19252","post","type-post","status-publish","format-standard","has-post-thumbnail","hentry","category-11","category-notifadecs"],"_links":{"self":[{"href":"https:\/\/fadeweb.uncoma.edu.ar\/index.php\/wp-json\/wp\/v2\/posts\/19252","targetHints":{"allow":["GET"]}}],"collection":[{"href":"https:\/\/fadeweb.uncoma.edu.ar\/index.php\/wp-json\/wp\/v2\/posts"}],"about":[{"href":"https:\/\/fadeweb.uncoma.edu.ar\/index.php\/wp-json\/wp\/v2\/types\/post"}],"author":[{"embeddable":true,"href":"https:\/\/fadeweb.uncoma.edu.ar\/index.php\/wp-json\/wp\/v2\/users\/2"}],"replies":[{"embeddable":true,"href":"https:\/\/fadeweb.uncoma.edu.ar\/index.php\/wp-json\/wp\/v2\/comments?post=19252"}],"version-history":[{"count":1,"href":"https:\/\/fadeweb.uncoma.edu.ar\/index.php\/wp-json\/wp\/v2\/posts\/19252\/revisions"}],"predecessor-version":[{"id":19254,"href":"https:\/\/fadeweb.uncoma.edu.ar\/index.php\/wp-json\/wp\/v2\/posts\/19252\/revisions\/19254"}],"wp:featuredmedia":[{"embeddable":true,"href":"https:\/\/fadeweb.uncoma.edu.ar\/index.php\/wp-json\/wp\/v2\/media\/19253"}],"wp:attachment":[{"href":"https:\/\/fadeweb.uncoma.edu.ar\/index.php\/wp-json\/wp\/v2\/media?parent=19252"}],"wp:term":[{"taxonomy":"category","embeddable":true,"href":"https:\/\/fadeweb.uncoma.edu.ar\/index.php\/wp-json\/wp\/v2\/categories?post=19252"},{"taxonomy":"post_tag","embeddable":true,"href":"https:\/\/fadeweb.uncoma.edu.ar\/index.php\/wp-json\/wp\/v2\/tags?post=19252"}],"curies":[{"name":"wp","href":"https:\/\/api.w.org\/{rel}","templated":true}]}}