{"id":19244,"date":"2018-03-26T12:00:24","date_gmt":"2018-03-26T15:00:24","guid":{"rendered":"https:\/\/fadeweb.uncoma.edu.ar\/?p=19244"},"modified":"2024-02-19T12:01:15","modified_gmt":"2024-02-19T15:01:15","slug":"crear-redes-de-capacitacion-para-detectar-y-acompanar-ante-situaciones-de-violencia","status":"publish","type":"post","link":"https:\/\/fadeweb.uncoma.edu.ar\/index.php\/2018\/03\/26\/crear-redes-de-capacitacion-para-detectar-y-acompanar-ante-situaciones-de-violencia\/","title":{"rendered":"CREAR REDES DE CAPACITACI\u00d3N PARA DETECTAR Y ACOMPA\u00d1AR ANTE SITUACIONES DE VIOLENCIA"},"content":{"rendered":"<p><img fetchpriority=\"high\" decoding=\"async\" class=\"alignnone size-large wp-image-19245\" src=\"https:\/\/fadeweb.uncoma.edu.ar\/wp-content\/uploads\/2024\/02\/crear-redes-835x1024.jpg\" alt=\"\" width=\"800\" height=\"981\" srcset=\"https:\/\/fadeweb.uncoma.edu.ar\/wp-content\/uploads\/2024\/02\/crear-redes-835x1024.jpg 835w, https:\/\/fadeweb.uncoma.edu.ar\/wp-content\/uploads\/2024\/02\/crear-redes-245x300.jpg 245w, https:\/\/fadeweb.uncoma.edu.ar\/wp-content\/uploads\/2024\/02\/crear-redes-768x942.jpg 768w, https:\/\/fadeweb.uncoma.edu.ar\/wp-content\/uploads\/2024\/02\/crear-redes.jpg 917w\" sizes=\"(max-width: 800px) 100vw, 800px\" \/><\/p>\n<p class=\"texto\">La Jornada de capacitaci\u00f3n \u00abG\u00e9nero y Diversidad Sexual, Nivel I Perspectivas para el abordaje territorial\u00bb, se realiz\u00f3 el pasado jueves 22 de marzo en la Facultad de Derecho y Ciencias Sociales. El encuentro tuvo por objetivo \u00a0ampliar las herramientas para abordar las problem\u00e1ticas de g\u00e9nero. El eje de la actividad fue el derecho a la igualdad de oportunidades de las poblaciones LGBT (lesbianas, gays, bisexuales y trans).<\/p>\n<p class=\"texto\">Durante la jornada se entrevist\u00f3 a Victor Bracuto, de la Coordinaci\u00f3n Nacional de Diversidad Sexual, y Javier Wenger, representante del Instituto Nacional de las Mujeres (INAM) ex Consejo Nacional de Mujeres del Ministerio de Desarrollo Social de la Naci\u00f3n y miembro de la Coordinaci\u00f3n Nacional de Diversidad Sexual.<\/p>\n<p class=\"texto\">Ambos expositores se manifestaron contentos con la actividad y con la asistencia de personal de varios municipios (Catriel, Cipolletti, General Roca, entre otros). Adem\u00e1s, vinieron estudiantes de la Universidad Nacional del Comahue, la comisar\u00eda de la familia, \u00e1reas de Desarrollo Social, de g\u00e9nero de distintos municipios, la c\u00e1tedra abierta de diversidad sexual, y representantes de varias organizaciones de Diversidad.<\/p>\n<p class=\"texto\">Se trabaj\u00f3 sobre el acceso de las personas a las leyes de Identidad de g\u00e9nero (2012) y de Matrimonio igualitario (2010) que, por ser leyes nuevas, es la primera vez que se comparten en la UNCo y, para muchos, fue la primera participaci\u00f3n en una jornada de g\u00e9nero y diversidad sexual. A continuaci\u00f3n les ofrecemos algunas claves del tema:<\/p>\n<ul>\n<li class=\"texto\">Las personas pueden acercarse a las oficinas del Centro de Referencia del Ministerio de Desarrollo Social de Naci\u00f3n para conocer los recursos que tiene el estado nacional en microemprendimientos, proyectos productivos, y otras acciones que se realizan en todo el territorio nacional.<\/li>\n<li class=\"texto\">El organismo busca generar espacios de formaci\u00f3n para el personal del estado nacional presentes en los lugares.<\/li>\n<li class=\"texto\">Las leyes han generado en el colectivo de la diversidad sexual un andamiaje legal muy importante, aunque el cambio cultural todav\u00eda no se ha producido. La existencia de una ley como la de Matrimonio igualitario no quiere decir que los hijos y las hijas de parejas lesbianas y de gays sean bien recepcionados en las escuelas, o no sean estigmatizados. Que haya una ley de Identidad de g\u00e9nero no quiere decir que una persona trans vaya al hospital local y puede conseguir f\u00e1cilmente hormonas o intervenciones quir\u00fargicas.<\/li>\n<li class=\"texto\">El Estado debe realizar muchos ajustes todav\u00eda, y como sociedad se transita un proceso de deconstrucci\u00f3n que tiene que ver con cambiar la perspectiva o\u00a0 r\u00e9gimen heteronormativo en vigencia, o el pensar que todas las personas normales son heterosexuales y biol\u00f3gicamente posibles de establecer un v\u00ednculo heterosexual.<\/li>\n<li class=\"texto\">Hay personas que no son ni heterosexuales y cuyos genitales no se condicen con la forma en que han construido su g\u00e9nero, es decir personas trans.<\/li>\n<li class=\"texto\">A pesar de tener leyes espec\u00edficas, a\u00fan falta una apertura social o comunitaria para decir que todos est\u00e1n incluidos. Desde lo legal, s\u00ed, desde la pr\u00e1ctica, todav\u00eda faltan muchas acciones que desde la sociedad civil y desde el estado se deben realizar para cambiar estad\u00edsticas que son escandalosas, como por ejemplo que el promedio de vida de una persona trans es de entre 35 y 40 a\u00f1os, la mitad en perspectiva de vida que una persona no trans.<\/li>\n<li class=\"texto\">Hay cosas que como estado y como sociedad civil todav\u00eda se adeudan, y hay debates que est\u00e1n en proceso. Es importante mantener abiertos los espacios de formaci\u00f3n y que se enriquezcan con discusiones, debates y planteos de perspectivas similares o contrapuestas.<\/li>\n<li class=\"texto\">El material de capacitaci\u00f3n \u00abDe la Ley a la Pr\u00e1ctica\u00bb se puede descargar de la p\u00e1gina del Ministerio de Desarollo Social de la Naci\u00f3n que es http:\/\/www.desarrollosocial.gob.ar\/.<\/li>\n<li class=\"texto\">La violencia de g\u00e9nero es el tema m\u00e1s sensible y est\u00e1 en la agenda en todos los medios de comunicaci\u00f3n. Si bien se celebra que se hable y que se puedan empezar a exponer ciertas cuestiones que estaban naturalizadas, es sintom\u00e1tico que as\u00ed y todo haya una muerte de mujer por d\u00eda, seg\u00fan algunas estad\u00edsticas y seg\u00fan otras, cada seis horas. Es aterrador que el g\u00e9nero contin\u00fae siendo el agravante y por la sa\u00f1a con la que se manifiesta la violencia.<\/li>\n<li class=\"texto\">La Ley 26.485 de erradicaci\u00f3n de todas las formas de violencia, hace una tipolog\u00eda de violencia, dom\u00e9stica, f\u00edsica, verbal, simb\u00f3lica, psicol\u00f3gica, econ\u00f3mica, sexual. Cada tipolog\u00eda tiene su secuela jur\u00eddica y su consecuencia si existe la comisar\u00eda de la mujer para hace la denuncia en forma correcta, con grupos interdisciplinarios de psic\u00f3logos, trabajadores sociales y otros profesionales que sigan el caso, all\u00ed s\u00ed se puede hacer una buena intervenci\u00f3n.<\/li>\n<li class=\"texto\">Todav\u00eda hay una brecha entre la ley y la pr\u00e1ctica, y esa ley que es tan difundida y que hoy se lleva la bandera desde el Instituto Nacional de la Mujer, no todas acceden, no todas pueden llegar a la instancia de la denuncia. La idea de las capacitaciones es sensibilizar, difundir para empoderar. Y hablar de los recursos disponibles, se trabaja en la articulaci\u00f3n con las \u00e1reas provinciales y municipales de Mujer con el \u00e1rea del INAM, de manera de aprovechar los espacios como una red de v\u00ednculos para estar m\u00e1s atentos para detectar y acompa\u00f1ar ante situaciones de violencia.<\/li>\n<\/ul>\n","protected":false},"excerpt":{"rendered":"<p>La Jornada de capacitaci\u00f3n \u00abG\u00e9nero y Diversidad Sexual, Nivel I Perspectivas para el abordaje territorial\u00bb, se realiz\u00f3 el pasado jueves 22 de marzo en la Facultad de Derecho y Ciencias Sociales. El encuentro tuvo por objetivo \u00a0ampliar las herramientas para abordar las problem\u00e1ticas de g\u00e9nero. El eje de la actividad fue el derecho a la [&hellip;]<\/p>\n","protected":false},"author":2,"featured_media":19245,"comment_status":"closed","ping_status":"closed","sticky":false,"template":"","format":"standard","meta":{"footnotes":""},"categories":[11,5],"tags":[],"class_list":["post-19244","post","type-post","status-publish","format-standard","has-post-thumbnail","hentry","category-11","category-notifadecs"],"_links":{"self":[{"href":"https:\/\/fadeweb.uncoma.edu.ar\/index.php\/wp-json\/wp\/v2\/posts\/19244","targetHints":{"allow":["GET"]}}],"collection":[{"href":"https:\/\/fadeweb.uncoma.edu.ar\/index.php\/wp-json\/wp\/v2\/posts"}],"about":[{"href":"https:\/\/fadeweb.uncoma.edu.ar\/index.php\/wp-json\/wp\/v2\/types\/post"}],"author":[{"embeddable":true,"href":"https:\/\/fadeweb.uncoma.edu.ar\/index.php\/wp-json\/wp\/v2\/users\/2"}],"replies":[{"embeddable":true,"href":"https:\/\/fadeweb.uncoma.edu.ar\/index.php\/wp-json\/wp\/v2\/comments?post=19244"}],"version-history":[{"count":1,"href":"https:\/\/fadeweb.uncoma.edu.ar\/index.php\/wp-json\/wp\/v2\/posts\/19244\/revisions"}],"predecessor-version":[{"id":19246,"href":"https:\/\/fadeweb.uncoma.edu.ar\/index.php\/wp-json\/wp\/v2\/posts\/19244\/revisions\/19246"}],"wp:featuredmedia":[{"embeddable":true,"href":"https:\/\/fadeweb.uncoma.edu.ar\/index.php\/wp-json\/wp\/v2\/media\/19245"}],"wp:attachment":[{"href":"https:\/\/fadeweb.uncoma.edu.ar\/index.php\/wp-json\/wp\/v2\/media?parent=19244"}],"wp:term":[{"taxonomy":"category","embeddable":true,"href":"https:\/\/fadeweb.uncoma.edu.ar\/index.php\/wp-json\/wp\/v2\/categories?post=19244"},{"taxonomy":"post_tag","embeddable":true,"href":"https:\/\/fadeweb.uncoma.edu.ar\/index.php\/wp-json\/wp\/v2\/tags?post=19244"}],"curies":[{"name":"wp","href":"https:\/\/api.w.org\/{rel}","templated":true}]}}