{"id":19220,"date":"2018-03-28T10:10:57","date_gmt":"2018-03-28T13:10:57","guid":{"rendered":"https:\/\/fadeweb.uncoma.edu.ar\/?p=19220"},"modified":"2024-02-16T10:11:46","modified_gmt":"2024-02-16T13:11:46","slug":"basta-de-silenciar-mi-pasado-de-carlos-alberto-varela-2","status":"publish","type":"post","link":"https:\/\/fadeweb.uncoma.edu.ar\/index.php\/2018\/03\/28\/basta-de-silenciar-mi-pasado-de-carlos-alberto-varela-2\/","title":{"rendered":"BASTA DE SILENCIAR MI PASADO DE CARLOS ALBERTO VARELA"},"content":{"rendered":"<p><img fetchpriority=\"high\" decoding=\"async\" class=\"alignnone size-large wp-image-6256\" src=\"https:\/\/fadeweb.uncoma.edu.ar\/wp-content\/uploads\/2022\/10\/varela-1024x683.jpg\" alt=\"\" width=\"800\" height=\"534\" srcset=\"https:\/\/fadeweb.uncoma.edu.ar\/wp-content\/uploads\/2022\/10\/varela-1024x683.jpg 1024w, https:\/\/fadeweb.uncoma.edu.ar\/wp-content\/uploads\/2022\/10\/varela-300x200.jpg 300w, https:\/\/fadeweb.uncoma.edu.ar\/wp-content\/uploads\/2022\/10\/varela-768x512.jpg 768w, https:\/\/fadeweb.uncoma.edu.ar\/wp-content\/uploads\/2022\/10\/varela-1536x1024.jpg 1536w, https:\/\/fadeweb.uncoma.edu.ar\/wp-content\/uploads\/2022\/10\/varela.jpg 1920w\" sizes=\"(max-width: 800px) 100vw, 800px\" \/><\/p>\n<p class=\"texto\">Carlos Alberto Varela se tuvo que guardar la medalla de preso pol\u00edtico porque deb\u00eda salir a trabajar. La actividad partidaria le pasa lejos y, sin embargo, quienes conocen su historia \u00abbrutal y directa\u00bb, le expresan los respetos, a\u00fan cuando sean personas de diferente pensamiento pol\u00edtico.<\/p>\n<p class=\"texto\">Tiene cuatro hijos (Facundo Mart\u00edn, Leopoldo Emanuel, Carla Anabel y Noel\u00ed Yanel), y tres nietos (Agustina, Benjam\u00edn \u201cpajarito\u201d y Venicio). En parte, por ellos dijo \u00abbasta para m\u00ed\u00bb. Sostiene entre sus manos el reci\u00e9n editado \u00abBasta de silenciar mi pasado. Testimonio de un sobreviviente a la represi\u00f3n del Estado, 1976\u00bb (Publifadecs, 2017), como una forma de revindicar la palabra, luego de a\u00f1os de no opinar de nada.<\/p>\n<p class=\"texto\"><strong>De aqu\u00ed para all\u00e1<\/strong><br \/>\nEl perjuicio laboral se resume en el da\u00f1o econ\u00f3mico, y el no poder hablar con sus compa\u00f1eros por miedo a que lo despidan del trabajo. Con una familia formada en los a\u00f1os \u201980 y la llegada de los ni\u00f1os \u00aba los que hay que alimentar\u00bb, su techo laboral era muy bajo. Era la salida de la dictadura y el comienzo de la democracia, el momento en que pudo entrar en Molinos R\u00edo de la Plata, pero los \u00abantecedentes\u00bb no lo favorecieron.<\/p>\n<p class=\"texto\">Para trabajar de changar\u00edn en el puerto ten\u00edan que tramitar el pase en Prefectura, y al solicitar los antecedentes en La Plata era sistem\u00e1ticamente rechazado. Por ello, los trabajos que consegu\u00eda eran siempre sin registrar. Para lograr su objetivo de alcanzar independencia se requer\u00eda un respaldo econ\u00f3mico que no ten\u00eda.<\/p>\n<p class=\"texto\">Fue en el Puerto de Ingeniero White en donde un abogado le explic\u00f3 que lo de \u00e9l era una infracci\u00f3n a la Ley 20.840 (Seguridad Nacional Subversi\u00f3n econ\u00f3mica y otras, sancionada el 28 de septiembre de 1974. Abrogada por el art\u00edculo 1 de la Ley 25602 &#8211; BO 20\/6\/2002), que era un problema de ideolog\u00eda por \u201cpresuntas actividades subversivas\u201d. Esa marca la llev\u00f3 hasta alrededor de 1986.<\/p>\n<p class=\"texto\">Iba entonces a peque\u00f1as distribuidoras en busca de ser aceptado en alg\u00fan empleo. All\u00ed tuvo mejor suerte y pudo desempe\u00f1arse como viajante de comercio mayorista, minorista, y de consumo masivo. A los 40 a\u00f1os decidi\u00f3 cambiar de rubro y dedicarse a la venta de libros.<\/p>\n<p class=\"texto\"><strong>Esa necesidad de hablar<\/strong><br \/>\nAlgo interior lo moviliz\u00f3 a \u00abir declarar a la Fiscal\u00eda de Bah\u00eda Blanca para que los que lo apresaron estuvieran en el banquillo de acusados. Aquella fue la primera vez que habl\u00f3 de la A hasta la Z, hab\u00edan pasado muchos a\u00f1os\u00bb. Durante tres horas hablo y llor\u00f3, y all\u00ed comprendi\u00f3 que necesitaba asistencia psicol\u00f3gica\u2026 a\u00fan hoy se quiebra al hablar.<\/p>\n<p class=\"texto\">En 2012 asisti\u00f3 en Bah\u00eda Blanca a la lectura de la sentencia a los genocidas, \u00abah\u00ed me di cuenta y dije basta. Y dije: nunca m\u00e1s, por mis hijos, por mis nietos. Nunca m\u00e1s me callo, ni dejo de opinar.<\/p>\n<p class=\"texto\">\u00abMe estall\u00f3 la cabeza, la tapa de la olla estaba al borde de reventar\u00bb. En 2013 su analista lo anim\u00f3 a escribir sobre el pasado. Tal vez fue ese impulso el que lo llev\u00f3 a contar su historia.<\/p>\n<p class=\"texto\"><strong>Abrir el coraz\u00f3n<\/strong><br \/>\nLa etapa de la escritura duro dos a\u00f1os. Hab\u00eda cosas que no quer\u00eda comentar y otras las relata de manera muy breve. El primer borrador de unas quince p\u00e1ginas se lo dio a una conocida, quien le expres\u00f3 que era conmovedor y lo puso en contacto con la profesora Cecilia Boggio.<\/p>\n<p class=\"texto\">Al entrar al taller \u00abLeyendo a\u2026\u00bb lo hicieron sentar y Carlos dijo que \u00abnecesitaba ayuda\u2026 era una mezcla terrible\u2026\u00bb. Le adelant\u00f3 el borrador de su escrito para saber si era publicable. A los pocos d\u00edas, Boggio lo llam\u00f3 para decirle que \u00abse ten\u00eda que publicar, deb\u00eda terminar en un libro, en una cr\u00f3nica. Animate y explayate, abr\u00ed tu coraz\u00f3n y abr\u00ed tu cabeza y vas a poder hacerlo\u00bb.<\/p>\n<p class=\"texto\">Para Carlos fue una marca profunda, deb\u00eda soltarse y dejar fluir los recuerdos. Ya en su casa se puso a pensar en c\u00f3mo lo contar\u00eda, era mucho lo que quer\u00eda decir pero quer\u00eda centrarse en lo importante.<\/p>\n<p class=\"texto\"><strong>Un testimonio para clarificarse<\/strong><br \/>\nEs una historia que tiene que ser conocida por los adolescentes y de ah\u00ed en adelante, porque est\u00e1n \u00e1vidos de informaci\u00f3n y a la mayor\u00eda nadie se la brinda. \u00abSin embargo, pese a que, como dijo Hip\u00f3lito Solari Irigoyen en el juicio en 1985 \u00abfue un descenso a los infiernos\u00bb, sinti\u00f3 que deb\u00eda contar su historia sin caer en la victimizaci\u00f3n\u00bb.<\/p>\n<p class=\"texto\">Al terminar la redacci\u00f3n y darle la forma definitiva, le entreg\u00f3 una copia a Cecilia Boggio. A los tres d\u00edas lo llam\u00f3 y le dijo que \u00abno hab\u00eda parado de llorar\u00bb. Ese primer comentario de la obra \u00ablo super\u00f3, fue una mezcla de emociones. Entender mi propio relato me gener\u00f3 un proceso interior, una nueva forma de aclarar un poco m\u00e1s las cosas\u00bb.<\/p>\n<p class=\"texto\">Con su testimonio lo que quiere dejar en claro es que no tiene bander\u00edas pol\u00edticas, el libro no tiene hojas amarillas, no tiene sangre, no tiene odio&#8230; Esa una fuente de informaci\u00f3n \u00fatil para los profesores de secundario, la que entrega en sus visitas a los cursos a los que es invitado.<\/p>\n<p class=\"texto\"><strong>La liberaci\u00f3n<\/strong><br \/>\n\u00abEn todo este tiempo he madurado. El relato me sirvi\u00f3, me liber\u00f3, y me conmov\u00ed al escuchar que otros se emocionaban al leerlo\u00bb. De la p\u00e1gina 90, un fragmento:<\/p>\n<p class=\"texto\">&#8230;Un reloj empotrado arriba de esa puerta marcaba las 13:40.<\/p>\n<p class=\"texto\">Era un domingo hermoso. Tanto sol me encandilaba. Camin\u00e9 hasta llegar a esa garita. Parec\u00eda que no llegaba nunca. Ya empezaba a ver la ciudad, las calles, la gente, los autos. Conten\u00eda esas ganas de gritar: \u00ab\u00a1Estoy libre, carajo! \u00a1Estoy vivo! \u00a1Estoy vivo!\u00bb.<\/p>\n<p class=\"texto\"><strong>Hab\u00edan pasado 576 d\u00edas.<\/strong><br \/>\n\u00abMe hab\u00edan dado la libertad, y todo era demasiado lento, mir\u00e9 el reloj y eran las 13:40. Desde ese d\u00eda, todos los a\u00f1os festejo el Domingo de Pascua con un vino tinto, y bailo solo o con mi pareja\u2026 Es un agradecimiento a Dios\u00bb.<\/p>\n<p class=\"texto\">Hoy puede expresar que un viento c\u00e1lido lo abraza, es un abrazo de la vida, de gente que ha le\u00eddo el libro. Algo a\u00fan no definido con palabras, no lo miran ni abrazan con l\u00e1stima, admiraci\u00f3n tampoco es, es emoci\u00f3n, en la misma gente est\u00e1 encontrando esa respuesta.<\/p>\n<p class=\"texto\"><strong>El libro se presentar\u00e1 en la FADECS, el 4 de abril a las 18 en el aula 35<\/strong>. La obra se distribuir\u00e1 en las 3 librer\u00edas de General Roca.<\/p>\n","protected":false},"excerpt":{"rendered":"<p>Carlos Alberto Varela se tuvo que guardar la medalla de preso pol\u00edtico porque deb\u00eda salir a trabajar. La actividad partidaria le pasa lejos y, sin embargo, quienes conocen su historia \u00abbrutal y directa\u00bb, le expresan los respetos, a\u00fan cuando sean personas de diferente pensamiento pol\u00edtico. Tiene cuatro hijos (Facundo Mart\u00edn, Leopoldo Emanuel, Carla Anabel y [&hellip;]<\/p>\n","protected":false},"author":2,"featured_media":6256,"comment_status":"closed","ping_status":"closed","sticky":false,"template":"","format":"standard","meta":{"footnotes":""},"categories":[11,5],"tags":[],"class_list":["post-19220","post","type-post","status-publish","format-standard","has-post-thumbnail","hentry","category-11","category-notifadecs"],"_links":{"self":[{"href":"https:\/\/fadeweb.uncoma.edu.ar\/index.php\/wp-json\/wp\/v2\/posts\/19220","targetHints":{"allow":["GET"]}}],"collection":[{"href":"https:\/\/fadeweb.uncoma.edu.ar\/index.php\/wp-json\/wp\/v2\/posts"}],"about":[{"href":"https:\/\/fadeweb.uncoma.edu.ar\/index.php\/wp-json\/wp\/v2\/types\/post"}],"author":[{"embeddable":true,"href":"https:\/\/fadeweb.uncoma.edu.ar\/index.php\/wp-json\/wp\/v2\/users\/2"}],"replies":[{"embeddable":true,"href":"https:\/\/fadeweb.uncoma.edu.ar\/index.php\/wp-json\/wp\/v2\/comments?post=19220"}],"version-history":[{"count":1,"href":"https:\/\/fadeweb.uncoma.edu.ar\/index.php\/wp-json\/wp\/v2\/posts\/19220\/revisions"}],"predecessor-version":[{"id":19221,"href":"https:\/\/fadeweb.uncoma.edu.ar\/index.php\/wp-json\/wp\/v2\/posts\/19220\/revisions\/19221"}],"wp:featuredmedia":[{"embeddable":true,"href":"https:\/\/fadeweb.uncoma.edu.ar\/index.php\/wp-json\/wp\/v2\/media\/6256"}],"wp:attachment":[{"href":"https:\/\/fadeweb.uncoma.edu.ar\/index.php\/wp-json\/wp\/v2\/media?parent=19220"}],"wp:term":[{"taxonomy":"category","embeddable":true,"href":"https:\/\/fadeweb.uncoma.edu.ar\/index.php\/wp-json\/wp\/v2\/categories?post=19220"},{"taxonomy":"post_tag","embeddable":true,"href":"https:\/\/fadeweb.uncoma.edu.ar\/index.php\/wp-json\/wp\/v2\/tags?post=19220"}],"curies":[{"name":"wp","href":"https:\/\/api.w.org\/{rel}","templated":true}]}}