{"id":18982,"date":"2023-12-15T12:36:31","date_gmt":"2023-12-15T15:36:31","guid":{"rendered":"https:\/\/fadeweb.uncoma.edu.ar\/?p=18982"},"modified":"2023-12-15T12:45:11","modified_gmt":"2023-12-15T15:45:11","slug":"seleccionaron-a-becadas-os-para-la-diplomatura-la-ciudad-de-las-ninas-y-los-ninos-edicion-iberoamericana","status":"publish","type":"post","link":"https:\/\/fadeweb.uncoma.edu.ar\/index.php\/2023\/12\/15\/seleccionaron-a-becadas-os-para-la-diplomatura-la-ciudad-de-las-ninas-y-los-ninos-edicion-iberoamericana\/","title":{"rendered":"ESTUDIANTES BECADAS\/OS PARA LA DIPLOMATURA \u201cLA CIUDAD DE LAS NI\u00d1AS Y LOS NI\u00d1OS\u201d, EDICI\u00d3N IBEROAMERICANA"},"content":{"rendered":"<p><img fetchpriority=\"high\" decoding=\"async\" class=\"alignnone wp-image-18983 alignleft\" src=\"https:\/\/fadeweb.uncoma.edu.ar\/wp-content\/uploads\/2023\/12\/bcas-tonucci-BECADOS-1024x1024.jpg\" alt=\"SELECCIONARON A BECADAS\/OS PARA LA DIPLOMATURA \u201cLA CIUDAD DE LAS NI\u00d1AS Y LOS NI\u00d1OS\u201d, EDICI\u00d3N IBEROAMERICANA Se realiz\u00f3 la selecci\u00f3n de cinco estudiantes becadas\/os de las carreras de Abogac\u00eda y Servicio Social de la FADECS, para cursar la diplomatura \u201cLa ciudad de las ni\u00f1as y los ni\u00f1os\u201d, Edici\u00f3n Iberoamericana. Las\/los estudiantes avanzadas\/os de la carrera de Servicio Social seleccionados fueron Sebastian Vielma Hernaldo, Micaela Ram\u00edrez y Jenifer Mariel Antigual; y de Abogac\u00eda, Alba Yanet Daiana Amarilla y Maria Luisa Padilla. Las\/los estudiantes becadas\/os comienzan el cursado de la Diplomatura en modalidad virtual el jueves 21 de diciembre a las 13. El plan de becas fue organizado por la Asociaci\u00f3n Francesco Tonucci, la Escuela Popular San Roque y la UNCo.\" width=\"600\" height=\"600\" srcset=\"https:\/\/fadeweb.uncoma.edu.ar\/wp-content\/uploads\/2023\/12\/bcas-tonucci-BECADOS-1024x1024.jpg 1024w, https:\/\/fadeweb.uncoma.edu.ar\/wp-content\/uploads\/2023\/12\/bcas-tonucci-BECADOS-300x300.jpg 300w, https:\/\/fadeweb.uncoma.edu.ar\/wp-content\/uploads\/2023\/12\/bcas-tonucci-BECADOS-150x150.jpg 150w, https:\/\/fadeweb.uncoma.edu.ar\/wp-content\/uploads\/2023\/12\/bcas-tonucci-BECADOS-768x768.jpg 768w, https:\/\/fadeweb.uncoma.edu.ar\/wp-content\/uploads\/2023\/12\/bcas-tonucci-BECADOS.jpg 1080w\" sizes=\"(max-width: 600px) 100vw, 600px\" \/><\/p>\n<p style=\"text-align: left;\">Se realiz\u00f3 la selecci\u00f3n de cinco estudiantes becadas\/os de las carreras de Abogac\u00eda y Servicio Social de la FADECS, para cursar la diplomatura \u201cLa ciudad de las ni\u00f1as y los ni\u00f1os\u201d, Edici\u00f3n Iberoamericana.<\/p>\n<p style=\"text-align: left;\">Las\/los estudiantes avanzadas\/os de la carrera de Servicio Social seleccionados fueron Sebastian Vielma Hernaldo, Micaela Ram\u00edrez y Jenifer Mariel Antigual; y de Abogac\u00eda, Alba Yanet Daiana Amarilla y Maria Luisa Padilla.<\/p>\n<p style=\"text-align: left;\">Las\/los estudiantes becadas\/os comienzan el cursado de la Diplomatura en modalidad virtual el jueves 21 de diciembre a las 13. El plan de becas fue organizado por la Asociaci\u00f3n Francesco Tonucci, la Escuela Popular San Roque y la UNCo.<\/p>\n","protected":false},"excerpt":{"rendered":"<p>Se realiz\u00f3 la selecci\u00f3n de cinco estudiantes becadas\/os de las carreras de Abogac\u00eda y Servicio Social de la FADECS, para cursar la diplomatura \u201cLa ciudad de las ni\u00f1as y los ni\u00f1os\u201d, Edici\u00f3n Iberoamericana. Las\/los estudiantes avanzadas\/os de la carrera de Servicio Social seleccionados fueron Sebastian Vielma Hernaldo, Micaela Ram\u00edrez y Jenifer Mariel Antigual; y de [&hellip;]<\/p>\n","protected":false},"author":4,"featured_media":18983,"comment_status":"closed","ping_status":"closed","sticky":false,"template":"","format":"standard","meta":{"footnotes":""},"categories":[69,5],"tags":[],"class_list":["post-18982","post","type-post","status-publish","format-standard","has-post-thumbnail","hentry","category-la-ciudad-de-las-ninas-y-los-ninos","category-notifadecs"],"_links":{"self":[{"href":"https:\/\/fadeweb.uncoma.edu.ar\/index.php\/wp-json\/wp\/v2\/posts\/18982","targetHints":{"allow":["GET"]}}],"collection":[{"href":"https:\/\/fadeweb.uncoma.edu.ar\/index.php\/wp-json\/wp\/v2\/posts"}],"about":[{"href":"https:\/\/fadeweb.uncoma.edu.ar\/index.php\/wp-json\/wp\/v2\/types\/post"}],"author":[{"embeddable":true,"href":"https:\/\/fadeweb.uncoma.edu.ar\/index.php\/wp-json\/wp\/v2\/users\/4"}],"replies":[{"embeddable":true,"href":"https:\/\/fadeweb.uncoma.edu.ar\/index.php\/wp-json\/wp\/v2\/comments?post=18982"}],"version-history":[{"count":2,"href":"https:\/\/fadeweb.uncoma.edu.ar\/index.php\/wp-json\/wp\/v2\/posts\/18982\/revisions"}],"predecessor-version":[{"id":18986,"href":"https:\/\/fadeweb.uncoma.edu.ar\/index.php\/wp-json\/wp\/v2\/posts\/18982\/revisions\/18986"}],"wp:featuredmedia":[{"embeddable":true,"href":"https:\/\/fadeweb.uncoma.edu.ar\/index.php\/wp-json\/wp\/v2\/media\/18983"}],"wp:attachment":[{"href":"https:\/\/fadeweb.uncoma.edu.ar\/index.php\/wp-json\/wp\/v2\/media?parent=18982"}],"wp:term":[{"taxonomy":"category","embeddable":true,"href":"https:\/\/fadeweb.uncoma.edu.ar\/index.php\/wp-json\/wp\/v2\/categories?post=18982"},{"taxonomy":"post_tag","embeddable":true,"href":"https:\/\/fadeweb.uncoma.edu.ar\/index.php\/wp-json\/wp\/v2\/tags?post=18982"}],"curies":[{"name":"wp","href":"https:\/\/api.w.org\/{rel}","templated":true}]}}