{"id":18972,"date":"2023-12-15T08:29:36","date_gmt":"2023-12-15T11:29:36","guid":{"rendered":"https:\/\/fadeweb.uncoma.edu.ar\/?p=18972"},"modified":"2023-12-15T08:29:36","modified_gmt":"2023-12-15T11:29:36","slug":"cierre-con-balance-positivo-del-observatorio-para-personas-mayores","status":"publish","type":"post","link":"https:\/\/fadeweb.uncoma.edu.ar\/index.php\/2023\/12\/15\/cierre-con-balance-positivo-del-observatorio-para-personas-mayores\/","title":{"rendered":"CIERRE CON BALANCE POSITIVO DEL OBSERVATORIO PARA PERSONAS MAYORES"},"content":{"rendered":"<p><img fetchpriority=\"high\" decoding=\"async\" class=\"alignnone wp-image-18973 alignleft\" src=\"https:\/\/fadeweb.uncoma.edu.ar\/wp-content\/uploads\/2023\/12\/kelly1-1024x683.jpg\" alt=\"CIERRE CON BALANCE POSITIVO DEL OBSERVATORIO PARA PERSONAS MAYORES\n\nEl Observatorio de Pol\u00edticas P\u00fablicas para Personas Mayores realizo el mi\u00e9rcoles 6 de diciembre el cierre de sus actividades anuales. El trabajo del Observatorio, en estos \u00faltimos dos a\u00f1os, fue acompa\u00f1ado por el Proyecto de Extensi\u00f3n \u201cMitos y Realidades de las Personas Mayores\u201d, dirigido por la Docente Daniela Salas y codirigido por la docente Laura Arru\u00e9; y por el Proyecto de Investigaci\u00f3n D-130 &quot;El Derecho al Cuidado de las personas mayores desde la perspectiva de los derechos humanos. El caso de las residencias de larga estad\u00eda de la ciudad de General Roca\u201d, dirigido por la docente Mar\u00eda Raquel Calvo y codirigido por la docente Laura Arru\u00e9.\n\nDurante el cierre se hizo un recorrido por todas por las actividades del a\u00f1o, entre ellas acciones de incidencia pol\u00edtica, trabajo con los medios de comunicaci\u00f3n, y articulaci\u00f3n con las universidades de la ciudad. Estas pr\u00e1cticas estuvieron dirigidas b\u00e1sicamente a la sensibilizaci\u00f3n sobre todos aquellos mitos, prejuicios y estereotipos que tiene parte de la sociedad acerca de esta etapa de la vida, y que en muchas ocasiones cercena la posibilidad de acceso a Derechos. \n\nTambi\u00e9n participaron de la jornada miembros activos del Observatorio, la Fundaci\u00f3n Quillagua, el Colegio de Abogadas y Abogados General Roca, Tom\u00e1s Calvo Noguer en representaci\u00f3n de la Municipalidad de General Roca, entre otros. La presidenta del Observatorio, Abog. Mar\u00eda Raquel Calvo, resalt\u00f3 &quot;la importancia del trabajo realizado, se\u00f1alando que a\u00fan tenemos un gran camino por recorrer, pero contamos con la fortaleza y el compromiso de todas las organizaciones y personas que forman parte del Observatorio&quot;.\" width=\"600\" height=\"400\" srcset=\"https:\/\/fadeweb.uncoma.edu.ar\/wp-content\/uploads\/2023\/12\/kelly1-1024x683.jpg 1024w, https:\/\/fadeweb.uncoma.edu.ar\/wp-content\/uploads\/2023\/12\/kelly1-300x200.jpg 300w, https:\/\/fadeweb.uncoma.edu.ar\/wp-content\/uploads\/2023\/12\/kelly1-768x512.jpg 768w, https:\/\/fadeweb.uncoma.edu.ar\/wp-content\/uploads\/2023\/12\/kelly1-1536x1024.jpg 1536w, https:\/\/fadeweb.uncoma.edu.ar\/wp-content\/uploads\/2023\/12\/kelly1.jpg 1920w\" sizes=\"(max-width: 600px) 100vw, 600px\" \/><\/p>\n<p style=\"text-align: left;\">El Observatorio de Pol\u00edticas P\u00fablicas para Personas Mayores realizo el mi\u00e9rcoles 6 de diciembre el cierre de sus actividades anuales. El trabajo del Observatorio, en estos \u00faltimos dos a\u00f1os, fue acompa\u00f1ado por el Proyecto de Extensi\u00f3n \u201cMitos y Realidades de las Personas Mayores\u201d, dirigido por la Docente Daniela Salas y codirigido por la docente Laura Arru\u00e9; y por el Proyecto de Investigaci\u00f3n D-130 \u00abEl Derecho al Cuidado de las personas mayores desde la perspectiva de los derechos humanos. El caso de las residencias de larga estad\u00eda de la ciudad de General Roca\u201d, dirigido por la docente Mar\u00eda Raquel Calvo y codirigido por la docente Laura Arru\u00e9.<\/p>\n<p style=\"text-align: left;\">Durante el cierre se hizo un recorrido por todas por las actividades del a\u00f1o, entre ellas acciones de incidencia pol\u00edtica, trabajo con los medios de comunicaci\u00f3n, y articulaci\u00f3n con las universidades de la ciudad. Estas pr\u00e1cticas estuvieron dirigidas b\u00e1sicamente a la sensibilizaci\u00f3n sobre todos aquellos mitos, prejuicios y estereotipos que tiene parte de la sociedad acerca de esta etapa de la vida, y que en muchas ocasiones cercena la posibilidad de acceso a Derechos.<\/p>\n<p style=\"text-align: left;\">Tambi\u00e9n participaron de la jornada miembros activos del Observatorio, la Fundaci\u00f3n Quillagua, el Colegio de Abogadas y Abogados General Roca, Tom\u00e1s Calvo Noguer en representaci\u00f3n de la Municipalidad de General Roca, entre otros. La presidenta del Observatorio, Abog. Mar\u00eda Raquel Calvo, resalt\u00f3 \u00abla importancia del trabajo realizado, se\u00f1alando que a\u00fan tenemos un gran camino por recorrer, pero contamos con la fortaleza y el compromiso de todas las organizaciones y personas que forman parte del Observatorio\u00bb.<\/p>\n","protected":false},"excerpt":{"rendered":"<p>El Observatorio de Pol\u00edticas P\u00fablicas para Personas Mayores realizo el mi\u00e9rcoles 6 de diciembre el cierre de sus actividades anuales. El trabajo del Observatorio, en estos \u00faltimos dos a\u00f1os, fue acompa\u00f1ado por el Proyecto de Extensi\u00f3n \u201cMitos y Realidades de las Personas Mayores\u201d, dirigido por la Docente Daniela Salas y codirigido por la docente Laura [&hellip;]<\/p>\n","protected":false},"author":4,"featured_media":18974,"comment_status":"closed","ping_status":"closed","sticky":false,"template":"","format":"standard","meta":{"footnotes":""},"categories":[5],"tags":[],"class_list":["post-18972","post","type-post","status-publish","format-standard","has-post-thumbnail","hentry","category-notifadecs"],"_links":{"self":[{"href":"https:\/\/fadeweb.uncoma.edu.ar\/index.php\/wp-json\/wp\/v2\/posts\/18972","targetHints":{"allow":["GET"]}}],"collection":[{"href":"https:\/\/fadeweb.uncoma.edu.ar\/index.php\/wp-json\/wp\/v2\/posts"}],"about":[{"href":"https:\/\/fadeweb.uncoma.edu.ar\/index.php\/wp-json\/wp\/v2\/types\/post"}],"author":[{"embeddable":true,"href":"https:\/\/fadeweb.uncoma.edu.ar\/index.php\/wp-json\/wp\/v2\/users\/4"}],"replies":[{"embeddable":true,"href":"https:\/\/fadeweb.uncoma.edu.ar\/index.php\/wp-json\/wp\/v2\/comments?post=18972"}],"version-history":[{"count":1,"href":"https:\/\/fadeweb.uncoma.edu.ar\/index.php\/wp-json\/wp\/v2\/posts\/18972\/revisions"}],"predecessor-version":[{"id":18975,"href":"https:\/\/fadeweb.uncoma.edu.ar\/index.php\/wp-json\/wp\/v2\/posts\/18972\/revisions\/18975"}],"wp:featuredmedia":[{"embeddable":true,"href":"https:\/\/fadeweb.uncoma.edu.ar\/index.php\/wp-json\/wp\/v2\/media\/18974"}],"wp:attachment":[{"href":"https:\/\/fadeweb.uncoma.edu.ar\/index.php\/wp-json\/wp\/v2\/media?parent=18972"}],"wp:term":[{"taxonomy":"category","embeddable":true,"href":"https:\/\/fadeweb.uncoma.edu.ar\/index.php\/wp-json\/wp\/v2\/categories?post=18972"},{"taxonomy":"post_tag","embeddable":true,"href":"https:\/\/fadeweb.uncoma.edu.ar\/index.php\/wp-json\/wp\/v2\/tags?post=18972"}],"curies":[{"name":"wp","href":"https:\/\/api.w.org\/{rel}","templated":true}]}}