{"id":18901,"date":"2023-12-04T11:31:33","date_gmt":"2023-12-04T14:31:33","guid":{"rendered":"https:\/\/fadeweb.uncoma.edu.ar\/?p=18901"},"modified":"2023-12-04T11:31:33","modified_gmt":"2023-12-04T14:31:33","slug":"la-fadecs-cerro-los-talleres-upami-2023-con-el-mayor-numero-de-cursos-desde-su-comienzo","status":"publish","type":"post","link":"https:\/\/fadeweb.uncoma.edu.ar\/index.php\/2023\/12\/04\/la-fadecs-cerro-los-talleres-upami-2023-con-el-mayor-numero-de-cursos-desde-su-comienzo\/","title":{"rendered":"LA FADECS CERR\u00d3 LOS TALLERES UPAMI 2023 CON EL MAYOR N\u00daMERO DE CURSOS DESDE SU COMIENZO"},"content":{"rendered":"<p><img fetchpriority=\"high\" decoding=\"async\" class=\"alignnone size-large wp-image-18902\" src=\"https:\/\/fadeweb.uncoma.edu.ar\/wp-content\/uploads\/2023\/12\/DSC_00-1024x683.jpg\" alt=\"LA FADECS CERR\u00d3 LOS TALLERES UPAMI 2023 CON EL MAYOR N\u00daMERO DE CURSOS DESDE SU COMIENZO\" width=\"800\" height=\"534\" srcset=\"https:\/\/fadeweb.uncoma.edu.ar\/wp-content\/uploads\/2023\/12\/DSC_00-1024x683.jpg 1024w, https:\/\/fadeweb.uncoma.edu.ar\/wp-content\/uploads\/2023\/12\/DSC_00-300x200.jpg 300w, https:\/\/fadeweb.uncoma.edu.ar\/wp-content\/uploads\/2023\/12\/DSC_00-768x512.jpg 768w, https:\/\/fadeweb.uncoma.edu.ar\/wp-content\/uploads\/2023\/12\/DSC_00-1536x1024.jpg 1536w, https:\/\/fadeweb.uncoma.edu.ar\/wp-content\/uploads\/2023\/12\/DSC_00.jpg 1920w\" sizes=\"(max-width: 800px) 100vw, 800px\" \/><\/p>\n<p>El cierre de los talleres UPAMI 2023 se llev\u00f3 a cabo el 1 de diciembre, durante el mismo se hizo entrega de m\u00e1s de 100 certificados a las personas mayores que asistieron a los distintos talleres que ofreci\u00f3 la Facultad.<\/p>\n<p>El acto cont\u00f3 con la presencia, por la FADECS, de la Secretaria de Extensi\u00f3n Sofia Szechenyi y del Secretario General Felix Teseyra y la coordinadora de los talleres Sabrina Jara; y por el PAMI R\u00edo Negro la Coordinadora Ejecutiva Lic. Daiana Neri, la coordinadora del \u00c1rea Social Lic. Norma Galvan, y la coordinadora de Promoci\u00f3n y Prestaciones Sociales Lic. Mar\u00eda Eugenia Ruiz Santicchio.<\/p>\n<p>Luego de la entrega de certificados, se presentaron audiovisuales de los distintos talleres, se sirvi\u00f3 un refrigerio junto a talleristas y asistentes. En tanto que, desde distintas ciudades de la provincia, de la L\u00ednea Sur y de otras provincias del pa\u00eds, muchas personas mayores que asistieron a los talleres durante todo el a\u00f1o pudieron estar presentes en el el cierre a trav\u00e9s de la transmisi\u00f3n v\u00eda Zoom por \u00e9l aula virtual.<\/p>\n<p>La Secretaria de Extensi\u00f3n Sof\u00eda Szechenyi dio la bienvenida y les expres\u00f3 \u00abla enorme alegr\u00eda junto a la coordinadora Sabrina Jara y las autoridades del PAMI por este momento de celebraci\u00f3n, de encuentro y de re-encuentro, y por ver \u00e9l aula 5 colmada de personas mayores junto a sus familias. Asimismo, dej\u00f3 el saludo del decano de la FADECS Juan Carlos Fern\u00e1ndez, quien hizo llegar la felicitaci\u00f3n por haber terminado esta instancia de capacitaci\u00f3n y aprendizaje.<br \/>\nDespu\u00e9s de la pandemia, los talleres quedaron con doble modalidad, presencial y virtual, y eso nos permite tener estudiantes en los talleres de todas las provincias del pa\u00eds.<\/p>\n<p>\u00abLos talleres UPAMI son una parte muy importante de la Extensi\u00f3n en nuestra Facultad, ya que permite que las aulas se llenen de personas mayores y eso tambi\u00e9n es la Universidad P\u00fablica. La Extensi\u00f3n es la vinculaci\u00f3n con la sociedad, con el medio en donde est\u00e1 inserta, con distintas instituciones, en este caso el PAMI, lo cual hace propicio que personas mayores puedan acceder a la universidad y a los distintos cursos de capacitaci\u00f3n.<br \/>\nEste a\u00f1o tuvimos en FADECS una oferta de 14 cursos de distintas tem\u00e1ticas muy bien organizados y con muchos inscriptos en cada uno\u00bb.<\/p>\n<p>La licenciada Neri dijo que \u00abuna de las formas de expender y proteger estos programas y que el PAMI sea m\u00e1s que una cobertura m\u00e9dica es que sus actividades sociales est\u00e9n llenas de gente. Celebro que en la FADECS-UNCo se trabaje tanto para tener este n\u00famero de talleres llenos de cursantes.<\/p>\n<p>\u00abEstamos celebrando un trabajo bien hecho y tenemos que hacer que los mismos se contin\u00faen difundiendo e integrando a m\u00e1s personas a estos talleres. El PAMI, con la cobertura de salud integral, con sus prestaciones sociales, acompa\u00f1a a las personas en problem\u00e1ticas como la soledad no deseada, que es mundial, para la que se necesita que las coberturas sean de seguridad social que impliquen una salud integral\u00bb.<\/p>\n","protected":false},"excerpt":{"rendered":"<p>El cierre de los talleres UPAMI 2023 se llev\u00f3 a cabo el 1 de diciembre, durante el mismo se hizo entrega de m\u00e1s de 100 certificados a las personas mayores que asistieron a los distintos talleres que ofreci\u00f3 la Facultad. El acto cont\u00f3 con la presencia, por la FADECS, de la Secretaria de Extensi\u00f3n Sofia [&hellip;]<\/p>\n","protected":false},"author":4,"featured_media":18902,"comment_status":"closed","ping_status":"closed","sticky":false,"template":"","format":"standard","meta":{"footnotes":""},"categories":[5,75],"tags":[],"class_list":["post-18901","post","type-post","status-publish","format-standard","has-post-thumbnail","hentry","category-notifadecs","category-upami"],"_links":{"self":[{"href":"https:\/\/fadeweb.uncoma.edu.ar\/index.php\/wp-json\/wp\/v2\/posts\/18901","targetHints":{"allow":["GET"]}}],"collection":[{"href":"https:\/\/fadeweb.uncoma.edu.ar\/index.php\/wp-json\/wp\/v2\/posts"}],"about":[{"href":"https:\/\/fadeweb.uncoma.edu.ar\/index.php\/wp-json\/wp\/v2\/types\/post"}],"author":[{"embeddable":true,"href":"https:\/\/fadeweb.uncoma.edu.ar\/index.php\/wp-json\/wp\/v2\/users\/4"}],"replies":[{"embeddable":true,"href":"https:\/\/fadeweb.uncoma.edu.ar\/index.php\/wp-json\/wp\/v2\/comments?post=18901"}],"version-history":[{"count":2,"href":"https:\/\/fadeweb.uncoma.edu.ar\/index.php\/wp-json\/wp\/v2\/posts\/18901\/revisions"}],"predecessor-version":[{"id":18904,"href":"https:\/\/fadeweb.uncoma.edu.ar\/index.php\/wp-json\/wp\/v2\/posts\/18901\/revisions\/18904"}],"wp:featuredmedia":[{"embeddable":true,"href":"https:\/\/fadeweb.uncoma.edu.ar\/index.php\/wp-json\/wp\/v2\/media\/18902"}],"wp:attachment":[{"href":"https:\/\/fadeweb.uncoma.edu.ar\/index.php\/wp-json\/wp\/v2\/media?parent=18901"}],"wp:term":[{"taxonomy":"category","embeddable":true,"href":"https:\/\/fadeweb.uncoma.edu.ar\/index.php\/wp-json\/wp\/v2\/categories?post=18901"},{"taxonomy":"post_tag","embeddable":true,"href":"https:\/\/fadeweb.uncoma.edu.ar\/index.php\/wp-json\/wp\/v2\/tags?post=18901"}],"curies":[{"name":"wp","href":"https:\/\/api.w.org\/{rel}","templated":true}]}}