{"id":18886,"date":"2018-04-13T11:09:29","date_gmt":"2018-04-13T14:09:29","guid":{"rendered":"https:\/\/fadeweb.uncoma.edu.ar\/?p=18886"},"modified":"2023-12-04T11:10:05","modified_gmt":"2023-12-04T14:10:05","slug":"reunion-con-ministros-de-la-corte-suprema-de-justicia-de-la-nacion","status":"publish","type":"post","link":"https:\/\/fadeweb.uncoma.edu.ar\/index.php\/2018\/04\/13\/reunion-con-ministros-de-la-corte-suprema-de-justicia-de-la-nacion\/","title":{"rendered":"REUNI\u00d3N CON MINISTROS DE LA CORTE SUPREMA DE JUSTICIA DE LA NACI\u00d3N"},"content":{"rendered":"<p><img fetchpriority=\"high\" decoding=\"async\" class=\"alignnone size-full wp-image-18887\" src=\"https:\/\/fadeweb.uncoma.edu.ar\/wp-content\/uploads\/2023\/12\/cdfd.jpg\" alt=\"\" width=\"601\" height=\"589\" srcset=\"https:\/\/fadeweb.uncoma.edu.ar\/wp-content\/uploads\/2023\/12\/cdfd.jpg 601w, https:\/\/fadeweb.uncoma.edu.ar\/wp-content\/uploads\/2023\/12\/cdfd-300x294.jpg 300w\" sizes=\"(max-width: 601px) 100vw, 601px\" \/><\/p>\n<p class=\"texto\">Integrantes del Consejo de Decanos de Derecho de Universidades Nacionales se reunieron con Ricardo Lorenzetti y Carlos Fernando Rosenkrantz, ministros de la Corte Suprema de Justicia de la Naci\u00f3n. En la oportunidad los decanos dejaron sentada la postura en contra del proyecto de habilitaci\u00f3n profesional de los abogados, y reivindicaron la autonom\u00eda de la universidades en los procesos de formaci\u00f3n, as\u00ed como los procesos de evaluaci\u00f3n y acreditaci\u00f3n por CONEAU.<\/p>\n<p class=\"texto\">Adem\u00e1s, se acord\u00f3 generar una agenda de trabajo con la finalidad de proponer c\u00f3mo mejorar el Poder Judicial, la calidad formativa del abogado y de los jueces.<\/p>\n","protected":false},"excerpt":{"rendered":"<p>Integrantes del Consejo de Decanos de Derecho de Universidades Nacionales se reunieron con Ricardo Lorenzetti y Carlos Fernando Rosenkrantz, ministros de la Corte Suprema de Justicia de la Naci\u00f3n. En la oportunidad los decanos dejaron sentada la postura en contra del proyecto de habilitaci\u00f3n profesional de los abogados, y reivindicaron la autonom\u00eda de la universidades [&hellip;]<\/p>\n","protected":false},"author":2,"featured_media":18887,"comment_status":"closed","ping_status":"closed","sticky":false,"template":"","format":"standard","meta":{"footnotes":""},"categories":[11,5],"tags":[],"class_list":["post-18886","post","type-post","status-publish","format-standard","has-post-thumbnail","hentry","category-11","category-notifadecs"],"_links":{"self":[{"href":"https:\/\/fadeweb.uncoma.edu.ar\/index.php\/wp-json\/wp\/v2\/posts\/18886","targetHints":{"allow":["GET"]}}],"collection":[{"href":"https:\/\/fadeweb.uncoma.edu.ar\/index.php\/wp-json\/wp\/v2\/posts"}],"about":[{"href":"https:\/\/fadeweb.uncoma.edu.ar\/index.php\/wp-json\/wp\/v2\/types\/post"}],"author":[{"embeddable":true,"href":"https:\/\/fadeweb.uncoma.edu.ar\/index.php\/wp-json\/wp\/v2\/users\/2"}],"replies":[{"embeddable":true,"href":"https:\/\/fadeweb.uncoma.edu.ar\/index.php\/wp-json\/wp\/v2\/comments?post=18886"}],"version-history":[{"count":1,"href":"https:\/\/fadeweb.uncoma.edu.ar\/index.php\/wp-json\/wp\/v2\/posts\/18886\/revisions"}],"predecessor-version":[{"id":18888,"href":"https:\/\/fadeweb.uncoma.edu.ar\/index.php\/wp-json\/wp\/v2\/posts\/18886\/revisions\/18888"}],"wp:featuredmedia":[{"embeddable":true,"href":"https:\/\/fadeweb.uncoma.edu.ar\/index.php\/wp-json\/wp\/v2\/media\/18887"}],"wp:attachment":[{"href":"https:\/\/fadeweb.uncoma.edu.ar\/index.php\/wp-json\/wp\/v2\/media?parent=18886"}],"wp:term":[{"taxonomy":"category","embeddable":true,"href":"https:\/\/fadeweb.uncoma.edu.ar\/index.php\/wp-json\/wp\/v2\/categories?post=18886"},{"taxonomy":"post_tag","embeddable":true,"href":"https:\/\/fadeweb.uncoma.edu.ar\/index.php\/wp-json\/wp\/v2\/tags?post=18886"}],"curies":[{"name":"wp","href":"https:\/\/api.w.org\/{rel}","templated":true}]}}