{"id":18875,"date":"2018-04-13T11:04:41","date_gmt":"2018-04-13T14:04:41","guid":{"rendered":"https:\/\/fadeweb.uncoma.edu.ar\/?p=18875"},"modified":"2023-12-04T11:06:12","modified_gmt":"2023-12-04T14:06:12","slug":"orden-del-dia-de-la-sesion-de-consejo-directivo","status":"publish","type":"post","link":"https:\/\/fadeweb.uncoma.edu.ar\/index.php\/2018\/04\/13\/orden-del-dia-de-la-sesion-de-consejo-directivo\/","title":{"rendered":"ORDEN DEL D\u00cdA DE LA SESI\u00d3N DE CONSEJO DIRECTIVO"},"content":{"rendered":"<p><img fetchpriority=\"high\" decoding=\"async\" class=\"alignnone size-full wp-image-13803\" src=\"https:\/\/fadeweb.uncoma.edu.ar\/wp-content\/uploads\/2023\/02\/cd2.jpg\" alt=\"\" width=\"800\" height=\"222\" srcset=\"https:\/\/fadeweb.uncoma.edu.ar\/wp-content\/uploads\/2023\/02\/cd2.jpg 800w, https:\/\/fadeweb.uncoma.edu.ar\/wp-content\/uploads\/2023\/02\/cd2-300x83.jpg 300w, https:\/\/fadeweb.uncoma.edu.ar\/wp-content\/uploads\/2023\/02\/cd2-768x213.jpg 768w\" sizes=\"(max-width: 800px) 100vw, 800px\" \/><\/p>\n<p class=\"texto\">Este viernes, 13 del corriente mes, el Sr. Decano convoca a consejeros\/as y directores\/as de Departamento para concluir con los temas pendientes de la sesi\u00f3n ordinaria del 9 de marzo, y a continuaci\u00f3n tratar los temas que se incluyeron en el nuevo Orden del D\u00eda, seg\u00fan los despachos de Comisi\u00f3n que se realizaron el martes 10 de este mes. La sesi\u00f3n comenzar\u00e1 a las 14:00 hs.<\/p>\n<p class=\"texto\"><a href=\"https:\/\/fadeweb.uncoma.edu.ar\/index.php\/2018\/04\/13\/segunda-sesion-ordinaria-2018-del-consejo-directivo-de-la-fadecs\/\">Se adjunta el Orden del D\u00eda.<\/a><\/p>\n","protected":false},"excerpt":{"rendered":"<p>Este viernes, 13 del corriente mes, el Sr. Decano convoca a consejeros\/as y directores\/as de Departamento para concluir con los temas pendientes de la sesi\u00f3n ordinaria del 9 de marzo, y a continuaci\u00f3n tratar los temas que se incluyeron en el nuevo Orden del D\u00eda, seg\u00fan los despachos de Comisi\u00f3n que se realizaron el martes [&hellip;]<\/p>\n","protected":false},"author":2,"featured_media":13803,"comment_status":"closed","ping_status":"closed","sticky":false,"template":"","format":"standard","meta":{"footnotes":""},"categories":[11,4,5],"tags":[],"class_list":["post-18875","post","type-post","status-publish","format-standard","has-post-thumbnail","hentry","category-11","category-consejo-directivo","category-notifadecs"],"_links":{"self":[{"href":"https:\/\/fadeweb.uncoma.edu.ar\/index.php\/wp-json\/wp\/v2\/posts\/18875","targetHints":{"allow":["GET"]}}],"collection":[{"href":"https:\/\/fadeweb.uncoma.edu.ar\/index.php\/wp-json\/wp\/v2\/posts"}],"about":[{"href":"https:\/\/fadeweb.uncoma.edu.ar\/index.php\/wp-json\/wp\/v2\/types\/post"}],"author":[{"embeddable":true,"href":"https:\/\/fadeweb.uncoma.edu.ar\/index.php\/wp-json\/wp\/v2\/users\/2"}],"replies":[{"embeddable":true,"href":"https:\/\/fadeweb.uncoma.edu.ar\/index.php\/wp-json\/wp\/v2\/comments?post=18875"}],"version-history":[{"count":1,"href":"https:\/\/fadeweb.uncoma.edu.ar\/index.php\/wp-json\/wp\/v2\/posts\/18875\/revisions"}],"predecessor-version":[{"id":18876,"href":"https:\/\/fadeweb.uncoma.edu.ar\/index.php\/wp-json\/wp\/v2\/posts\/18875\/revisions\/18876"}],"wp:featuredmedia":[{"embeddable":true,"href":"https:\/\/fadeweb.uncoma.edu.ar\/index.php\/wp-json\/wp\/v2\/media\/13803"}],"wp:attachment":[{"href":"https:\/\/fadeweb.uncoma.edu.ar\/index.php\/wp-json\/wp\/v2\/media?parent=18875"}],"wp:term":[{"taxonomy":"category","embeddable":true,"href":"https:\/\/fadeweb.uncoma.edu.ar\/index.php\/wp-json\/wp\/v2\/categories?post=18875"},{"taxonomy":"post_tag","embeddable":true,"href":"https:\/\/fadeweb.uncoma.edu.ar\/index.php\/wp-json\/wp\/v2\/tags?post=18875"}],"curies":[{"name":"wp","href":"https:\/\/api.w.org\/{rel}","templated":true}]}}