{"id":18862,"date":"2023-12-04T09:25:33","date_gmt":"2023-12-04T12:25:33","guid":{"rendered":"https:\/\/fadeweb.uncoma.edu.ar\/?p=18862"},"modified":"2023-12-04T09:25:33","modified_gmt":"2023-12-04T12:25:33","slug":"la-fadecs-ya-es-delegacion-patagonica-del-instituto-de-servicio-exterior-de-la-nacion","status":"publish","type":"post","link":"https:\/\/fadeweb.uncoma.edu.ar\/index.php\/2023\/12\/04\/la-fadecs-ya-es-delegacion-patagonica-del-instituto-de-servicio-exterior-de-la-nacion\/","title":{"rendered":"LA FADECS YA ES DELEGACI\u00d3N PATAG\u00d3NICA DEL INSTITUTO DE SERVICIO EXTERIOR DE LA NACI\u00d3N"},"content":{"rendered":"<p><img fetchpriority=\"high\" decoding=\"async\" class=\"alignnone wp-image-18863\" src=\"https:\/\/fadeweb.uncoma.edu.ar\/wp-content\/uploads\/2023\/12\/firma-embajador1-1024x683.jpg\" alt=\"LA FADECS YA ES DELEGACI\u00d3N PATAG\u00d3NICA DEL INSTITUTO DE SERVICIO EXTERIOR DE LA NACI\u00d3N\" width=\"750\" height=\"500\" srcset=\"https:\/\/fadeweb.uncoma.edu.ar\/wp-content\/uploads\/2023\/12\/firma-embajador1-1024x683.jpg 1024w, https:\/\/fadeweb.uncoma.edu.ar\/wp-content\/uploads\/2023\/12\/firma-embajador1-300x200.jpg 300w, https:\/\/fadeweb.uncoma.edu.ar\/wp-content\/uploads\/2023\/12\/firma-embajador1-768x512.jpg 768w, https:\/\/fadeweb.uncoma.edu.ar\/wp-content\/uploads\/2023\/12\/firma-embajador1-1536x1024.jpg 1536w, https:\/\/fadeweb.uncoma.edu.ar\/wp-content\/uploads\/2023\/12\/firma-embajador1.jpg 1920w\" sizes=\"(max-width: 750px) 100vw, 750px\" \/> <img decoding=\"async\" class=\"alignnone wp-image-18864\" src=\"https:\/\/fadeweb.uncoma.edu.ar\/wp-content\/uploads\/2023\/12\/firma-embajador2-1024x647.jpg\" alt=\"\" width=\"791\" height=\"500\" srcset=\"https:\/\/fadeweb.uncoma.edu.ar\/wp-content\/uploads\/2023\/12\/firma-embajador2-1024x647.jpg 1024w, https:\/\/fadeweb.uncoma.edu.ar\/wp-content\/uploads\/2023\/12\/firma-embajador2-300x190.jpg 300w, https:\/\/fadeweb.uncoma.edu.ar\/wp-content\/uploads\/2023\/12\/firma-embajador2-768x486.jpg 768w, https:\/\/fadeweb.uncoma.edu.ar\/wp-content\/uploads\/2023\/12\/firma-embajador2-1536x971.jpg 1536w, https:\/\/fadeweb.uncoma.edu.ar\/wp-content\/uploads\/2023\/12\/firma-embajador2.jpg 1920w\" sizes=\"(max-width: 791px) 100vw, 791px\" \/><\/p>\n<p>El 1 de diciembre el Director del Instituto del Servicio Exterior de la Naci\u00f3n, Emb. Eduardo Demayo, y la Rectora de la Universidad Nacional del Comahue, Dra. Beatriz Gentile, suscribieron el Convenio de Cooperaci\u00f3n institucional entre el Instituto del Servicio Exterior de la Naci\u00f3n y la Universidad Nacional del Comahue, cuyo objetivo es contribuir al desarrollo de actividades conjuntas de investigaci\u00f3n, asistencia t\u00e9cnica y acad\u00e9mica, capacitaci\u00f3n y servicios de evaluaci\u00f3n de recursos humanos, presenciales o virtuales, as\u00ed como de otras actividades complementarias destinadas al logro de los objetivos propios de cada participante.<\/p>\n<p>El Convenio Marco de Cooperaci\u00f3n Institucional convierte a la FADECS en delegaci\u00f3n patag\u00f3nica para la toma de ex\u00e1menes anuales de ingreso a la carrera diplom\u00e1tica y consular.<\/p>\n<p>Asistieron a la firma la Rectora de la UNCo Mar\u00eda Beatriz Gentile, por el ISEN el Director Embajador Eduardo Demayo y el subdirector Dr. Rodrigo L\u00f3pez Gadano (en forma virtual), el decano de la FADECS Juan Carlos Fern\u00e1ndez, y la intendenta de General Roca Mar\u00eda Emilia Soria.<\/p>\n<p>De esta manera, la firma contribuye al desarrollo de cooperaci\u00f3n institucional entre ambas instituciones, a la vez que posibilita el desarrollo de un nuevo perfil profesional para las y los estudiantes de la FADECS.<\/p>\n<p>La Rectora de la UNCo sostuvo que \u00abesta gesti\u00f3n que hoy permite la firma del convenio fue obra del decano Fern\u00e1ndez. Ante la realidad de que la Patagonia tiene menos presencia en el Servicio Exterior argentino, se abre una puerta muy importante no solo para R\u00edo Negro y General Roca, sino para todos los que concurren y trabajan en las dos provincias que abarca la UNCo. Esta posibilidad de que la FADECS sea sede es un paso muy importante y, adem\u00e1s, innovando en este camino de participaci\u00f3n del Sur\u00bb.<\/p>\n<p>Por su parte, la intendenta Mar\u00eda Emilia Soria manifest\u00f3 que \u00abes trascendental que podamos saldar a partir de ahora esta injusticia de que pocos patag\u00f3nicos pueden formarse en Relaciones Exteriores. Tener la posibilidad de rendir un examen aqu\u00ed, ya es un filtro important\u00edsimo, para luego seguir haciendo la carrera, es un acompa\u00f1amiento inmenso. Y posiciona una vez m\u00e1s a la ciudad, y a la FADECS que ha generado una enorme promoci\u00f3n de estudiantes de abogac\u00eda, que realza su importancia a nivel regional\u00bb.<\/p>\n","protected":false},"excerpt":{"rendered":"<p>El 1 de diciembre el Director del Instituto del Servicio Exterior de la Naci\u00f3n, Emb. Eduardo Demayo, y la Rectora de la Universidad Nacional del Comahue, Dra. Beatriz Gentile, suscribieron el Convenio de Cooperaci\u00f3n institucional entre el Instituto del Servicio Exterior de la Naci\u00f3n y la Universidad Nacional del Comahue, cuyo objetivo es contribuir al [&hellip;]<\/p>\n","protected":false},"author":4,"featured_media":18863,"comment_status":"closed","ping_status":"closed","sticky":false,"template":"","format":"standard","meta":{"footnotes":""},"categories":[5],"tags":[],"class_list":["post-18862","post","type-post","status-publish","format-standard","has-post-thumbnail","hentry","category-notifadecs"],"_links":{"self":[{"href":"https:\/\/fadeweb.uncoma.edu.ar\/index.php\/wp-json\/wp\/v2\/posts\/18862","targetHints":{"allow":["GET"]}}],"collection":[{"href":"https:\/\/fadeweb.uncoma.edu.ar\/index.php\/wp-json\/wp\/v2\/posts"}],"about":[{"href":"https:\/\/fadeweb.uncoma.edu.ar\/index.php\/wp-json\/wp\/v2\/types\/post"}],"author":[{"embeddable":true,"href":"https:\/\/fadeweb.uncoma.edu.ar\/index.php\/wp-json\/wp\/v2\/users\/4"}],"replies":[{"embeddable":true,"href":"https:\/\/fadeweb.uncoma.edu.ar\/index.php\/wp-json\/wp\/v2\/comments?post=18862"}],"version-history":[{"count":1,"href":"https:\/\/fadeweb.uncoma.edu.ar\/index.php\/wp-json\/wp\/v2\/posts\/18862\/revisions"}],"predecessor-version":[{"id":18865,"href":"https:\/\/fadeweb.uncoma.edu.ar\/index.php\/wp-json\/wp\/v2\/posts\/18862\/revisions\/18865"}],"wp:featuredmedia":[{"embeddable":true,"href":"https:\/\/fadeweb.uncoma.edu.ar\/index.php\/wp-json\/wp\/v2\/media\/18863"}],"wp:attachment":[{"href":"https:\/\/fadeweb.uncoma.edu.ar\/index.php\/wp-json\/wp\/v2\/media?parent=18862"}],"wp:term":[{"taxonomy":"category","embeddable":true,"href":"https:\/\/fadeweb.uncoma.edu.ar\/index.php\/wp-json\/wp\/v2\/categories?post=18862"},{"taxonomy":"post_tag","embeddable":true,"href":"https:\/\/fadeweb.uncoma.edu.ar\/index.php\/wp-json\/wp\/v2\/tags?post=18862"}],"curies":[{"name":"wp","href":"https:\/\/api.w.org\/{rel}","templated":true}]}}