{"id":18819,"date":"2018-04-23T07:28:37","date_gmt":"2018-04-23T10:28:37","guid":{"rendered":"https:\/\/fadeweb.uncoma.edu.ar\/?p=18819"},"modified":"2023-12-04T07:29:18","modified_gmt":"2023-12-04T10:29:18","slug":"ultima-semana-para-asistir-a-la-muestra-juicio-y-castigo-imagenes-para-no-olvidar","status":"publish","type":"post","link":"https:\/\/fadeweb.uncoma.edu.ar\/index.php\/2018\/04\/23\/ultima-semana-para-asistir-a-la-muestra-juicio-y-castigo-imagenes-para-no-olvidar\/","title":{"rendered":"\u00daLTIMA SEMANA PARA ASISTIR A LA MUESTRA \u201cJUICIO Y CASTIGO: IM\u00c1GENES PARA NO OLVIDAR\u201d"},"content":{"rendered":"<p><img fetchpriority=\"high\" decoding=\"async\" class=\"alignnone size-large wp-image-18820\" src=\"https:\/\/fadeweb.uncoma.edu.ar\/wp-content\/uploads\/2023\/12\/mddh-g-1024x682.jpg\" alt=\"\" width=\"800\" height=\"533\" srcset=\"https:\/\/fadeweb.uncoma.edu.ar\/wp-content\/uploads\/2023\/12\/mddh-g-1024x682.jpg 1024w, https:\/\/fadeweb.uncoma.edu.ar\/wp-content\/uploads\/2023\/12\/mddh-g-300x200.jpg 300w, https:\/\/fadeweb.uncoma.edu.ar\/wp-content\/uploads\/2023\/12\/mddh-g-768x512.jpg 768w, https:\/\/fadeweb.uncoma.edu.ar\/wp-content\/uploads\/2023\/12\/mddh-g-1536x1023.jpg 1536w, https:\/\/fadeweb.uncoma.edu.ar\/wp-content\/uploads\/2023\/12\/mddh-g.jpg 1780w\" sizes=\"(max-width: 800px) 100vw, 800px\" \/><\/p>\n<p class=\"texto\">La Secretar\u00eda de Extensi\u00f3n de la FADECS record\u00f3 que hasta el pr\u00f3ximo 28 de abril se pueden inscribir para visitar la Muestra \u201cJuicio y castigo: im\u00e1genes para no olvidar\u201d.<\/p>\n<p class=\"texto\">Si perteneces a una Escuela Secundaria de la zona de General Roca y alrededores no te pierdas la oportunidad!! A\u00fan est\u00e1s a tiempo de conocer esta exposici\u00f3n itinerante, a cargo de la Asamblea Permanente por los Derechos Humanos de Neuqu\u00e9n (APDH), que permanece en los pasillos del sector de aulas nuevas de la FADECS hasta el 28 de Abril!!<\/p>\n","protected":false},"excerpt":{"rendered":"<p>La Secretar\u00eda de Extensi\u00f3n de la FADECS record\u00f3 que hasta el pr\u00f3ximo 28 de abril se pueden inscribir para visitar la Muestra \u201cJuicio y castigo: im\u00e1genes para no olvidar\u201d. Si perteneces a una Escuela Secundaria de la zona de General Roca y alrededores no te pierdas la oportunidad!! A\u00fan est\u00e1s a tiempo de conocer esta [&hellip;]<\/p>\n","protected":false},"author":2,"featured_media":18820,"comment_status":"closed","ping_status":"closed","sticky":false,"template":"","format":"standard","meta":{"footnotes":""},"categories":[11,5],"tags":[],"class_list":["post-18819","post","type-post","status-publish","format-standard","has-post-thumbnail","hentry","category-11","category-notifadecs"],"_links":{"self":[{"href":"https:\/\/fadeweb.uncoma.edu.ar\/index.php\/wp-json\/wp\/v2\/posts\/18819","targetHints":{"allow":["GET"]}}],"collection":[{"href":"https:\/\/fadeweb.uncoma.edu.ar\/index.php\/wp-json\/wp\/v2\/posts"}],"about":[{"href":"https:\/\/fadeweb.uncoma.edu.ar\/index.php\/wp-json\/wp\/v2\/types\/post"}],"author":[{"embeddable":true,"href":"https:\/\/fadeweb.uncoma.edu.ar\/index.php\/wp-json\/wp\/v2\/users\/2"}],"replies":[{"embeddable":true,"href":"https:\/\/fadeweb.uncoma.edu.ar\/index.php\/wp-json\/wp\/v2\/comments?post=18819"}],"version-history":[{"count":1,"href":"https:\/\/fadeweb.uncoma.edu.ar\/index.php\/wp-json\/wp\/v2\/posts\/18819\/revisions"}],"predecessor-version":[{"id":18821,"href":"https:\/\/fadeweb.uncoma.edu.ar\/index.php\/wp-json\/wp\/v2\/posts\/18819\/revisions\/18821"}],"wp:featuredmedia":[{"embeddable":true,"href":"https:\/\/fadeweb.uncoma.edu.ar\/index.php\/wp-json\/wp\/v2\/media\/18820"}],"wp:attachment":[{"href":"https:\/\/fadeweb.uncoma.edu.ar\/index.php\/wp-json\/wp\/v2\/media?parent=18819"}],"wp:term":[{"taxonomy":"category","embeddable":true,"href":"https:\/\/fadeweb.uncoma.edu.ar\/index.php\/wp-json\/wp\/v2\/categories?post=18819"},{"taxonomy":"post_tag","embeddable":true,"href":"https:\/\/fadeweb.uncoma.edu.ar\/index.php\/wp-json\/wp\/v2\/tags?post=18819"}],"curies":[{"name":"wp","href":"https:\/\/api.w.org\/{rel}","templated":true}]}}