{"id":18806,"date":"2018-04-23T07:22:38","date_gmt":"2018-04-23T10:22:38","guid":{"rendered":"https:\/\/fadeweb.uncoma.edu.ar\/?p=18806"},"modified":"2023-12-04T07:24:17","modified_gmt":"2023-12-04T10:24:17","slug":"becas-para-el-comedor-universitario-de-roca","status":"publish","type":"post","link":"https:\/\/fadeweb.uncoma.edu.ar\/index.php\/2018\/04\/23\/becas-para-el-comedor-universitario-de-roca\/","title":{"rendered":"BECAS PARA EL COMEDOR UNIVERSITARIO DE ROCA"},"content":{"rendered":"<p><img fetchpriority=\"high\" decoding=\"async\" class=\"alignnone size-large wp-image-18807\" src=\"https:\/\/fadeweb.uncoma.edu.ar\/wp-content\/uploads\/2023\/12\/Becas-UNCo-1-1024x683.jpg\" alt=\"\" width=\"800\" height=\"534\" srcset=\"https:\/\/fadeweb.uncoma.edu.ar\/wp-content\/uploads\/2023\/12\/Becas-UNCo-1-1024x683.jpg 1024w, https:\/\/fadeweb.uncoma.edu.ar\/wp-content\/uploads\/2023\/12\/Becas-UNCo-1-300x200.jpg 300w, https:\/\/fadeweb.uncoma.edu.ar\/wp-content\/uploads\/2023\/12\/Becas-UNCo-1-768x512.jpg 768w, https:\/\/fadeweb.uncoma.edu.ar\/wp-content\/uploads\/2023\/12\/Becas-UNCo-1-1536x1025.jpg 1536w, https:\/\/fadeweb.uncoma.edu.ar\/wp-content\/uploads\/2023\/12\/Becas-UNCo-1.jpg 1920w\" sizes=\"(max-width: 800px) 100vw, 800px\" \/><\/p>\n<p>En el acto de entrega de becas municipales, desarrollado el pasado viernes 13 de abril, el intendente Mart\u00edn Soria destin\u00f3 un aporte anual de 60.000 pesos dirigido a los alumnos que concurren al Comedor Universitario de la FADECS-FADEL-UNCo. Por la FADECS asistieron los secretarios de Extensi\u00f3n Sof\u00eda Szechenyi y de Administraci\u00f3n Felix Teseyra, quienes agradecieron al ejecutivo municipal la partida que constituye una ayuda administrada de manera conjunta.<\/p>\n","protected":false},"excerpt":{"rendered":"<p>En el acto de entrega de becas municipales, desarrollado el pasado viernes 13 de abril, el intendente Mart\u00edn Soria destin\u00f3 un aporte anual de 60.000 pesos dirigido a los alumnos que concurren al Comedor Universitario de la FADECS-FADEL-UNCo. Por la FADECS asistieron los secretarios de Extensi\u00f3n Sof\u00eda Szechenyi y de Administraci\u00f3n Felix Teseyra, quienes agradecieron [&hellip;]<\/p>\n","protected":false},"author":2,"featured_media":18807,"comment_status":"closed","ping_status":"closed","sticky":false,"template":"","format":"standard","meta":{"footnotes":""},"categories":[11,5],"tags":[],"class_list":["post-18806","post","type-post","status-publish","format-standard","has-post-thumbnail","hentry","category-11","category-notifadecs"],"_links":{"self":[{"href":"https:\/\/fadeweb.uncoma.edu.ar\/index.php\/wp-json\/wp\/v2\/posts\/18806","targetHints":{"allow":["GET"]}}],"collection":[{"href":"https:\/\/fadeweb.uncoma.edu.ar\/index.php\/wp-json\/wp\/v2\/posts"}],"about":[{"href":"https:\/\/fadeweb.uncoma.edu.ar\/index.php\/wp-json\/wp\/v2\/types\/post"}],"author":[{"embeddable":true,"href":"https:\/\/fadeweb.uncoma.edu.ar\/index.php\/wp-json\/wp\/v2\/users\/2"}],"replies":[{"embeddable":true,"href":"https:\/\/fadeweb.uncoma.edu.ar\/index.php\/wp-json\/wp\/v2\/comments?post=18806"}],"version-history":[{"count":1,"href":"https:\/\/fadeweb.uncoma.edu.ar\/index.php\/wp-json\/wp\/v2\/posts\/18806\/revisions"}],"predecessor-version":[{"id":18808,"href":"https:\/\/fadeweb.uncoma.edu.ar\/index.php\/wp-json\/wp\/v2\/posts\/18806\/revisions\/18808"}],"wp:featuredmedia":[{"embeddable":true,"href":"https:\/\/fadeweb.uncoma.edu.ar\/index.php\/wp-json\/wp\/v2\/media\/18807"}],"wp:attachment":[{"href":"https:\/\/fadeweb.uncoma.edu.ar\/index.php\/wp-json\/wp\/v2\/media?parent=18806"}],"wp:term":[{"taxonomy":"category","embeddable":true,"href":"https:\/\/fadeweb.uncoma.edu.ar\/index.php\/wp-json\/wp\/v2\/categories?post=18806"},{"taxonomy":"post_tag","embeddable":true,"href":"https:\/\/fadeweb.uncoma.edu.ar\/index.php\/wp-json\/wp\/v2\/tags?post=18806"}],"curies":[{"name":"wp","href":"https:\/\/api.w.org\/{rel}","templated":true}]}}