{"id":18705,"date":"2018-05-09T12:01:06","date_gmt":"2018-05-09T15:01:06","guid":{"rendered":"https:\/\/fadeweb.uncoma.edu.ar\/?p=18705"},"modified":"2023-11-29T12:01:54","modified_gmt":"2023-11-29T15:01:54","slug":"cierre-en-la-fadecs-de-la-muestra-juicio-y-castigo-imagenes-para-no-olvidar-cine-debate-diario-de-una-causa-caso-daniel-solano-2","status":"publish","type":"post","link":"https:\/\/fadeweb.uncoma.edu.ar\/index.php\/2018\/05\/09\/cierre-en-la-fadecs-de-la-muestra-juicio-y-castigo-imagenes-para-no-olvidar-cine-debate-diario-de-una-causa-caso-daniel-solano-2\/","title":{"rendered":"CIERRE EN LA FADECS DE LA MUESTRA \u00abJUICIO Y CASTIGO: IM\u00c1GENES PARA NO OLVIDAR\u00bb &#8211; CINE DEBATE \u00abDiario de una Causa\u00bb &#8211; Caso Daniel Solano"},"content":{"rendered":"<p><img fetchpriority=\"high\" decoding=\"async\" class=\"alignnone size-large wp-image-6244\" src=\"https:\/\/fadeweb.uncoma.edu.ar\/wp-content\/uploads\/2022\/10\/0-cierremddhh-1024x683.jpg\" alt=\"\" width=\"800\" height=\"534\" srcset=\"https:\/\/fadeweb.uncoma.edu.ar\/wp-content\/uploads\/2022\/10\/0-cierremddhh-1024x683.jpg 1024w, https:\/\/fadeweb.uncoma.edu.ar\/wp-content\/uploads\/2022\/10\/0-cierremddhh-300x200.jpg 300w, https:\/\/fadeweb.uncoma.edu.ar\/wp-content\/uploads\/2022\/10\/0-cierremddhh-768x512.jpg 768w, https:\/\/fadeweb.uncoma.edu.ar\/wp-content\/uploads\/2022\/10\/0-cierremddhh-1536x1024.jpg 1536w, https:\/\/fadeweb.uncoma.edu.ar\/wp-content\/uploads\/2022\/10\/0-cierremddhh.jpg 1920w\" sizes=\"(max-width: 800px) 100vw, 800px\" \/><\/p>\n<p class=\"texto\">La Secretar\u00eda de Extensi\u00f3n y Asuntos Estudiantiles, invita a toda la comunidad a participar\u00a0del acto de cierre de la Muestra \u201cJuicio y castigo: im\u00e1genes para no olvidar\u201d, el que se llevar\u00e1 a cabo\u00a0el d\u00eda martes 15 de mayo a las 18 hs en el aula 34. En esta oportunidad, dirigir\u00e1n unas palabras Noem\u00ed Labrune por la Asamblea Permanente por los Derechos Humanos (APDH) de Neuqu\u00e9n, y por la Facultad de Derecho y Ciencias Sociales,\u00a0su Decano Lic. Andr\u00e9s Ponce de Le\u00f3n, y\u00a0\u00a0la Secretaria de Extensi\u00f3n, Ab. Sof\u00eda Szechenyi.<\/p>\n<p class=\"texto\">Asimismo, se har\u00e1 entrega de los certificados a los y las estudiantes de esta casa de estudios que han participado y colaborado en el desarrollo de la muestra, asistiendo a las integrantes de la APDH, del Observatorio de Derechos Humanos de R\u00edo Negro, y a docentes que acompa\u00f1aron los cursos de nivel secundario en el recorrido de la muestra.<\/p>\n<p class=\"texto\">El encuentro cerrar\u00e1 con la emisi\u00f3n del corto cinematogr\u00e1fico \u00abDiario de una causa\u00bb sobre el caso Daniel Solano. Del Cine-Debate participar\u00e1n los abogados de la familia Solano, Aparicio Leandro y Heredia Sergio, quienes intervienen actualmente en los juicios que se sustancian en General Roca.<\/p>\n","protected":false},"excerpt":{"rendered":"<p>La Secretar\u00eda de Extensi\u00f3n y Asuntos Estudiantiles, invita a toda la comunidad a participar\u00a0del acto de cierre de la Muestra \u201cJuicio y castigo: im\u00e1genes para no olvidar\u201d, el que se llevar\u00e1 a cabo\u00a0el d\u00eda martes 15 de mayo a las 18 hs en el aula 34. En esta oportunidad, dirigir\u00e1n unas palabras Noem\u00ed Labrune por [&hellip;]<\/p>\n","protected":false},"author":2,"featured_media":6244,"comment_status":"closed","ping_status":"closed","sticky":false,"template":"","format":"standard","meta":{"footnotes":""},"categories":[11,5],"tags":[],"class_list":["post-18705","post","type-post","status-publish","format-standard","has-post-thumbnail","hentry","category-11","category-notifadecs"],"_links":{"self":[{"href":"https:\/\/fadeweb.uncoma.edu.ar\/index.php\/wp-json\/wp\/v2\/posts\/18705","targetHints":{"allow":["GET"]}}],"collection":[{"href":"https:\/\/fadeweb.uncoma.edu.ar\/index.php\/wp-json\/wp\/v2\/posts"}],"about":[{"href":"https:\/\/fadeweb.uncoma.edu.ar\/index.php\/wp-json\/wp\/v2\/types\/post"}],"author":[{"embeddable":true,"href":"https:\/\/fadeweb.uncoma.edu.ar\/index.php\/wp-json\/wp\/v2\/users\/2"}],"replies":[{"embeddable":true,"href":"https:\/\/fadeweb.uncoma.edu.ar\/index.php\/wp-json\/wp\/v2\/comments?post=18705"}],"version-history":[{"count":1,"href":"https:\/\/fadeweb.uncoma.edu.ar\/index.php\/wp-json\/wp\/v2\/posts\/18705\/revisions"}],"predecessor-version":[{"id":18706,"href":"https:\/\/fadeweb.uncoma.edu.ar\/index.php\/wp-json\/wp\/v2\/posts\/18705\/revisions\/18706"}],"wp:featuredmedia":[{"embeddable":true,"href":"https:\/\/fadeweb.uncoma.edu.ar\/index.php\/wp-json\/wp\/v2\/media\/6244"}],"wp:attachment":[{"href":"https:\/\/fadeweb.uncoma.edu.ar\/index.php\/wp-json\/wp\/v2\/media?parent=18705"}],"wp:term":[{"taxonomy":"category","embeddable":true,"href":"https:\/\/fadeweb.uncoma.edu.ar\/index.php\/wp-json\/wp\/v2\/categories?post=18705"},{"taxonomy":"post_tag","embeddable":true,"href":"https:\/\/fadeweb.uncoma.edu.ar\/index.php\/wp-json\/wp\/v2\/tags?post=18705"}],"curies":[{"name":"wp","href":"https:\/\/api.w.org\/{rel}","templated":true}]}}