{"id":18697,"date":"2018-05-09T11:56:37","date_gmt":"2018-05-09T14:56:37","guid":{"rendered":"https:\/\/fadeweb.uncoma.edu.ar\/?p=18697"},"modified":"2023-11-29T11:57:37","modified_gmt":"2023-11-29T14:57:37","slug":"141o-acto-academico-de-colacion-de-grado-y-de-posgrado","status":"publish","type":"post","link":"https:\/\/fadeweb.uncoma.edu.ar\/index.php\/2018\/05\/09\/141o-acto-academico-de-colacion-de-grado-y-de-posgrado\/","title":{"rendered":"141\u00ba ACTO ACAD\u00c9MICO DE COLACI\u00d3N DE GRADO Y DE POSGRADO"},"content":{"rendered":"<p><img fetchpriority=\"high\" decoding=\"async\" class=\"alignnone size-large wp-image-18698\" src=\"https:\/\/fadeweb.uncoma.edu.ar\/wp-content\/uploads\/2023\/11\/inv-col-141-1024x633.jpg\" alt=\"\" width=\"800\" height=\"495\" srcset=\"https:\/\/fadeweb.uncoma.edu.ar\/wp-content\/uploads\/2023\/11\/inv-col-141-1024x633.jpg 1024w, https:\/\/fadeweb.uncoma.edu.ar\/wp-content\/uploads\/2023\/11\/inv-col-141-300x186.jpg 300w, https:\/\/fadeweb.uncoma.edu.ar\/wp-content\/uploads\/2023\/11\/inv-col-141-768x475.jpg 768w, https:\/\/fadeweb.uncoma.edu.ar\/wp-content\/uploads\/2023\/11\/inv-col-141.jpg 1240w\" sizes=\"(max-width: 800px) 100vw, 800px\" \/><\/p>\n<p class=\"texto\">La Facultad de Derecho y Ciencias Sociales de la Universidad Nacional del Comahue tiene el agrado de invitar al 141\u00ba Acto Acad\u00e9mico de Colaci\u00f3n de Grado que se llevar\u00e1 a cabo el 16 de mayo de 2018 a las 10 hs, en el Aula Auditorio de la FADECS. A continuaci\u00f3n, a partir de las 12 hs, se entregar\u00e1n los t\u00edtulos de Posgrado. En esta oportunidad se otorgar\u00e1n 36 t\u00edtulos de grado y 16 de posgrado.<\/p>\n<p class=\"texto\">Recibir\u00e1n el t\u00edtulo de grado:<\/p>\n<p class=\"texto\">Por la carrera de Abogac\u00eda: Ornella Agustina MARTIN, Ayelen Samanta ROJAS, Paola Gisela COLQUE, Maria Ayel\u00e9n LEZICA, Griselda Alicia CALFU\u00d1ANCO, Noe Macarena RIOS, Soledad Lucia DIAZ, Mar\u00eda Jos\u00e9 PURRAN, Yamila Ayelen VERA, Maria Celeste Agostina BENATTI, Antonella SIMONE, Valeria Roxana MARIPIL, Eliana Mariet CHRISTIANSEN, Mart\u00edn Alejandro Ceferino CANO, Maximiliano Hern\u00e1n SANDOVAL, Manuel Segundo MANSILLA, Ezequiel WECHSLER, Jerem\u00edas LEON.<\/p>\n<p class=\"texto\">Por la carrera de Licenciatura en Comunicaci\u00f3n Social: Victoria Yanina TERZAGHI, Carolina Natacha TRENCO, Fabiana Andrea GARDON, Laura Viviana MIERES, Maria Florencia BARRERA, Joaqu\u00edn BRAND, Macarena MARTICORENA, Maria Virginia NARDINI, Maria Florencia PATALANO, Laura Alejandra HEVIA, Joaqu\u00edn CELEDON MIGLIORANZA, Alan David ROCHA VARSANYI, Jonathan Javier ROCO.<\/p>\n<p class=\"texto\">Por la carrera de Licenciatura en Servicio Social: Ivana Paola MILLER, Marcia Ivon OTTAVIANELLI IRIGOYEN, Jos\u00e9 Augusto ALVAREZ, Jorge Lu\u00eds MORON, Mario Dami\u00e1n BERRIOS.<\/p>\n<p class=\"texto\">Recibir\u00e1n el t\u00edtulo de posgrado:<\/p>\n<p class=\"texto\">Por la carrera de Especializaci\u00f3n en Comunicaci\u00f3n y Culturas Contempor\u00e1neas: Nieves Cecilia SOBERON, Diego Guillermo SILVERA, Mat\u00edas Federico SIGOT, Marianela FAVA SIGNORINI, Laura Beatriz ROSALES, Nadia Soledad FERNANDEZ Y VALDIVIELSO.<\/p>\n<p class=\"texto\">Por la carrera de Especializaci\u00f3n en Trabajo Social Forense: Erika Cecilia QUIRIBAN, Celina Valeria IBA\u00d1EZ, Lia In\u00e9s TORRES.<\/p>\n<p class=\"texto\">Por la carrera de Especializaci\u00f3n en Sociolog\u00eda de la Agricultura Latinoamericana: Lorena Ang\u00e9lica HIGUERA.<\/p>\n<p class=\"texto\">Por la carrera de Especializaci\u00f3n en Derecho Penal y Ciencias Penales: Ver\u00f3nica Andrea CARDOZO.<\/p>\n<p class=\"texto\">Por la carrera de Especializaci\u00f3n en Derecho de Familia, Infancia y Adolescencia: Mirta Noem\u00ed LACUENTEGUY, Maria Paz CAMPERI, Betiana Ruth MIGNOLET, Graciela In\u00e9s del Rosario MARIANO, Ema Rosario CABEZAS.<\/p>\n","protected":false},"excerpt":{"rendered":"<p>La Facultad de Derecho y Ciencias Sociales de la Universidad Nacional del Comahue tiene el agrado de invitar al 141\u00ba Acto Acad\u00e9mico de Colaci\u00f3n de Grado que se llevar\u00e1 a cabo el 16 de mayo de 2018 a las 10 hs, en el Aula Auditorio de la FADECS. A continuaci\u00f3n, a partir de las 12 [&hellip;]<\/p>\n","protected":false},"author":2,"featured_media":18698,"comment_status":"closed","ping_status":"closed","sticky":false,"template":"","format":"standard","meta":{"footnotes":""},"categories":[11,5],"tags":[],"class_list":["post-18697","post","type-post","status-publish","format-standard","has-post-thumbnail","hentry","category-11","category-notifadecs"],"_links":{"self":[{"href":"https:\/\/fadeweb.uncoma.edu.ar\/index.php\/wp-json\/wp\/v2\/posts\/18697","targetHints":{"allow":["GET"]}}],"collection":[{"href":"https:\/\/fadeweb.uncoma.edu.ar\/index.php\/wp-json\/wp\/v2\/posts"}],"about":[{"href":"https:\/\/fadeweb.uncoma.edu.ar\/index.php\/wp-json\/wp\/v2\/types\/post"}],"author":[{"embeddable":true,"href":"https:\/\/fadeweb.uncoma.edu.ar\/index.php\/wp-json\/wp\/v2\/users\/2"}],"replies":[{"embeddable":true,"href":"https:\/\/fadeweb.uncoma.edu.ar\/index.php\/wp-json\/wp\/v2\/comments?post=18697"}],"version-history":[{"count":1,"href":"https:\/\/fadeweb.uncoma.edu.ar\/index.php\/wp-json\/wp\/v2\/posts\/18697\/revisions"}],"predecessor-version":[{"id":18699,"href":"https:\/\/fadeweb.uncoma.edu.ar\/index.php\/wp-json\/wp\/v2\/posts\/18697\/revisions\/18699"}],"wp:featuredmedia":[{"embeddable":true,"href":"https:\/\/fadeweb.uncoma.edu.ar\/index.php\/wp-json\/wp\/v2\/media\/18698"}],"wp:attachment":[{"href":"https:\/\/fadeweb.uncoma.edu.ar\/index.php\/wp-json\/wp\/v2\/media?parent=18697"}],"wp:term":[{"taxonomy":"category","embeddable":true,"href":"https:\/\/fadeweb.uncoma.edu.ar\/index.php\/wp-json\/wp\/v2\/categories?post=18697"},{"taxonomy":"post_tag","embeddable":true,"href":"https:\/\/fadeweb.uncoma.edu.ar\/index.php\/wp-json\/wp\/v2\/tags?post=18697"}],"curies":[{"name":"wp","href":"https:\/\/api.w.org\/{rel}","templated":true}]}}