{"id":18695,"date":"2018-05-09T11:54:04","date_gmt":"2018-05-09T14:54:04","guid":{"rendered":"https:\/\/fadeweb.uncoma.edu.ar\/?p=18695"},"modified":"2023-11-29T11:54:53","modified_gmt":"2023-11-29T14:54:53","slug":"convocatoria-segunda-sesion-ordinaria-3","status":"publish","type":"post","link":"https:\/\/fadeweb.uncoma.edu.ar\/index.php\/2018\/05\/09\/convocatoria-segunda-sesion-ordinaria-3\/","title":{"rendered":"CONVOCATORIA SEGUNDA SESI\u00d3N ORDINARIA"},"content":{"rendered":"<p><img fetchpriority=\"high\" decoding=\"async\" class=\"alignnone size-full wp-image-13803\" src=\"https:\/\/fadeweb.uncoma.edu.ar\/wp-content\/uploads\/2023\/02\/cd2.jpg\" alt=\"\" width=\"800\" height=\"222\" srcset=\"https:\/\/fadeweb.uncoma.edu.ar\/wp-content\/uploads\/2023\/02\/cd2.jpg 800w, https:\/\/fadeweb.uncoma.edu.ar\/wp-content\/uploads\/2023\/02\/cd2-300x83.jpg 300w, https:\/\/fadeweb.uncoma.edu.ar\/wp-content\/uploads\/2023\/02\/cd2-768x213.jpg 768w\" sizes=\"(max-width: 800px) 100vw, 800px\" \/><\/p>\n<p class=\"texto\">Por indicaci\u00f3n del Decano Lic. Andr\u00e9s Ponce de Le\u00f3n, se convoca a Consejeros\/as y Directores\/as de Departamentos Docentes para el d\u00eda <strong>lunes 14 del corriente mes a partir de las 14:00 hs<\/strong> a efectos de concluir con los temas pendientes de la Sesi\u00f3n Ordinaria N\u00ba 2 (13\/04\/2018). Concluida la misma se dar\u00e1 comienzo a la Sesi\u00f3n Ordinaria N\u00ba 3 para tratar nuevo Orden del D\u00eda.<\/p>\n<p class=\"texto\">Asimismo, se aclara que en caso de no reunir el qu\u00f3rum necesario para sesionar al d\u00eda lunes, el d\u00eda martes 15 a partir de las 14:00 hs se sesionar\u00e1 aplicando el Art\u00edculo 17\u00ba del Reglamento de Consejo Directivo.<\/p>\n<p class=\"texto\">Motiva la presente convocatoria, actividades institucionales que se realizar\u00e1n (fuera del \u00e1mbito de la Facultad) el d\u00eda viernes 11 del corriente mes, fecha pautada para sesi\u00f3n ordinaria.<\/p>\n<p class=\"texto\">El Orden del D\u00eda de la Tercera Sesi\u00f3n se informar\u00e1 oportunamente.<\/p>\n","protected":false},"excerpt":{"rendered":"<p>Por indicaci\u00f3n del Decano Lic. Andr\u00e9s Ponce de Le\u00f3n, se convoca a Consejeros\/as y Directores\/as de Departamentos Docentes para el d\u00eda lunes 14 del corriente mes a partir de las 14:00 hs a efectos de concluir con los temas pendientes de la Sesi\u00f3n Ordinaria N\u00ba 2 (13\/04\/2018). Concluida la misma se dar\u00e1 comienzo a la [&hellip;]<\/p>\n","protected":false},"author":2,"featured_media":13803,"comment_status":"closed","ping_status":"closed","sticky":false,"template":"","format":"standard","meta":{"footnotes":""},"categories":[11,4,5],"tags":[],"class_list":["post-18695","post","type-post","status-publish","format-standard","has-post-thumbnail","hentry","category-11","category-consejo-directivo","category-notifadecs"],"_links":{"self":[{"href":"https:\/\/fadeweb.uncoma.edu.ar\/index.php\/wp-json\/wp\/v2\/posts\/18695","targetHints":{"allow":["GET"]}}],"collection":[{"href":"https:\/\/fadeweb.uncoma.edu.ar\/index.php\/wp-json\/wp\/v2\/posts"}],"about":[{"href":"https:\/\/fadeweb.uncoma.edu.ar\/index.php\/wp-json\/wp\/v2\/types\/post"}],"author":[{"embeddable":true,"href":"https:\/\/fadeweb.uncoma.edu.ar\/index.php\/wp-json\/wp\/v2\/users\/2"}],"replies":[{"embeddable":true,"href":"https:\/\/fadeweb.uncoma.edu.ar\/index.php\/wp-json\/wp\/v2\/comments?post=18695"}],"version-history":[{"count":1,"href":"https:\/\/fadeweb.uncoma.edu.ar\/index.php\/wp-json\/wp\/v2\/posts\/18695\/revisions"}],"predecessor-version":[{"id":18696,"href":"https:\/\/fadeweb.uncoma.edu.ar\/index.php\/wp-json\/wp\/v2\/posts\/18695\/revisions\/18696"}],"wp:featuredmedia":[{"embeddable":true,"href":"https:\/\/fadeweb.uncoma.edu.ar\/index.php\/wp-json\/wp\/v2\/media\/13803"}],"wp:attachment":[{"href":"https:\/\/fadeweb.uncoma.edu.ar\/index.php\/wp-json\/wp\/v2\/media?parent=18695"}],"wp:term":[{"taxonomy":"category","embeddable":true,"href":"https:\/\/fadeweb.uncoma.edu.ar\/index.php\/wp-json\/wp\/v2\/categories?post=18695"},{"taxonomy":"post_tag","embeddable":true,"href":"https:\/\/fadeweb.uncoma.edu.ar\/index.php\/wp-json\/wp\/v2\/tags?post=18695"}],"curies":[{"name":"wp","href":"https:\/\/api.w.org\/{rel}","templated":true}]}}