{"id":18689,"date":"2018-05-11T11:50:26","date_gmt":"2018-05-11T14:50:26","guid":{"rendered":"https:\/\/fadeweb.uncoma.edu.ar\/?p=18689"},"modified":"2023-11-29T11:51:04","modified_gmt":"2023-11-29T14:51:04","slug":"continua-la-5ta-estacion-en-antena-libre","status":"publish","type":"post","link":"https:\/\/fadeweb.uncoma.edu.ar\/index.php\/2018\/05\/11\/continua-la-5ta-estacion-en-antena-libre\/","title":{"rendered":"CONTIN\u00daA LA 5TA ESTACI\u00d3N EN ANTENA LIBRE"},"content":{"rendered":"<p><img fetchpriority=\"high\" decoding=\"async\" class=\"alignnone size-large wp-image-18690\" src=\"https:\/\/fadeweb.uncoma.edu.ar\/wp-content\/uploads\/2023\/11\/pa1-576x1024.jpg\" alt=\"\" width=\"576\" height=\"1024\" srcset=\"https:\/\/fadeweb.uncoma.edu.ar\/wp-content\/uploads\/2023\/11\/pa1-576x1024.jpg 576w, https:\/\/fadeweb.uncoma.edu.ar\/wp-content\/uploads\/2023\/11\/pa1-169x300.jpg 169w, https:\/\/fadeweb.uncoma.edu.ar\/wp-content\/uploads\/2023\/11\/pa1.jpg 720w\" sizes=\"(max-width: 576px) 100vw, 576px\" \/><\/p>\n<p class=\"texto\"><strong>Mayo trae a bordo a Punto&amp;aparte<\/strong><\/p>\n<p>Este mes la\/os compa\u00f1era\/os de Punto&amp;aparte, Tom\u00e1s Harada, Gabriela Rojas y Fiorella Ciaramaria, proponen diferentes maneras de abordar la literatura, a nivel mundial, internacional y de la zona.<\/p>\n<p>El s\u00e1bado pasado se abord\u00f3 el tema \u00abliteratura fant\u00e1stica\u00bb, en tanto que este s\u00e1bado 12 de mayo hablar\u00e1n sobre el g\u00e9nero infantil. Adem\u00e1s, seguimos de cerca la historia de Isabel Rivera, una ficci\u00f3n creada por el equipo. El programa se repetir\u00e1 todos los mi\u00e9rcoles de 21 a 22.<\/p>\n<p>Recordamos que la 5ta estaci\u00f3n es un trabajo que propone la c\u00e1tedra de Producci\u00f3n Radiof\u00f3nica de la carrera de Comunicaci\u00f3n Social. Consiste en un ciclo radial que se realiza todos los s\u00e1bados de 13 a 14 por radio FM Antena Libre 89.1 Mhz (<a href=\"http:\/\/www.antena-libre.com.ar\/\" target=\"_blank\" rel=\"nofollow noopener\" data-lynx-mode=\"asynclazy\" data-lynx-uri=\"https:\/\/l.facebook.com\/l.php?u=http%3A%2F%2Fwww.antena-libre.com.ar%2F&amp;h=ATPI9UwMvoa8datAWl819f1ViY3mzKk8KcujGbzro1GTQBrLQLIIePh3lxS49IRpNMWnWjGl1UnKDKpEYgdslY9wgnexU5O330uk_q2gyrsLn5ArKZajnQ\">www.antena-libre.com.ar<\/a>). El trabajo comenz\u00f3 en abril y termina en noviembre, ya que cada mes un grupo de estudiantes diferente realizar\u00e1 su pr\u00e1ctica abarcando diversas tem\u00e1ticas y contenidos en cada audici\u00f3n.<\/p>\n<p>Si quer\u00e9s conocer mejor a la 5ta Estaci\u00f3n dale me gusta a su p\u00e1gina en Facebook (\/ quintaestacionproduccion) o seguilos en Instagram (@estacion5)<br \/>\n<a href=\"https:\/\/www.facebook.com\/quintaestacionproduccion\/\" rel=\"nofollow\">https:\/\/www.facebook.com\/ quintaestacionproduccion\/<\/a><\/p>\n","protected":false},"excerpt":{"rendered":"<p>Mayo trae a bordo a Punto&amp;aparte Este mes la\/os compa\u00f1era\/os de Punto&amp;aparte, Tom\u00e1s Harada, Gabriela Rojas y Fiorella Ciaramaria, proponen diferentes maneras de abordar la literatura, a nivel mundial, internacional y de la zona. El s\u00e1bado pasado se abord\u00f3 el tema \u00abliteratura fant\u00e1stica\u00bb, en tanto que este s\u00e1bado 12 de mayo hablar\u00e1n sobre el g\u00e9nero [&hellip;]<\/p>\n","protected":false},"author":2,"featured_media":18690,"comment_status":"closed","ping_status":"closed","sticky":false,"template":"","format":"standard","meta":{"footnotes":""},"categories":[11,5],"tags":[],"class_list":["post-18689","post","type-post","status-publish","format-standard","has-post-thumbnail","hentry","category-11","category-notifadecs"],"_links":{"self":[{"href":"https:\/\/fadeweb.uncoma.edu.ar\/index.php\/wp-json\/wp\/v2\/posts\/18689","targetHints":{"allow":["GET"]}}],"collection":[{"href":"https:\/\/fadeweb.uncoma.edu.ar\/index.php\/wp-json\/wp\/v2\/posts"}],"about":[{"href":"https:\/\/fadeweb.uncoma.edu.ar\/index.php\/wp-json\/wp\/v2\/types\/post"}],"author":[{"embeddable":true,"href":"https:\/\/fadeweb.uncoma.edu.ar\/index.php\/wp-json\/wp\/v2\/users\/2"}],"replies":[{"embeddable":true,"href":"https:\/\/fadeweb.uncoma.edu.ar\/index.php\/wp-json\/wp\/v2\/comments?post=18689"}],"version-history":[{"count":1,"href":"https:\/\/fadeweb.uncoma.edu.ar\/index.php\/wp-json\/wp\/v2\/posts\/18689\/revisions"}],"predecessor-version":[{"id":18691,"href":"https:\/\/fadeweb.uncoma.edu.ar\/index.php\/wp-json\/wp\/v2\/posts\/18689\/revisions\/18691"}],"wp:featuredmedia":[{"embeddable":true,"href":"https:\/\/fadeweb.uncoma.edu.ar\/index.php\/wp-json\/wp\/v2\/media\/18690"}],"wp:attachment":[{"href":"https:\/\/fadeweb.uncoma.edu.ar\/index.php\/wp-json\/wp\/v2\/media?parent=18689"}],"wp:term":[{"taxonomy":"category","embeddable":true,"href":"https:\/\/fadeweb.uncoma.edu.ar\/index.php\/wp-json\/wp\/v2\/categories?post=18689"},{"taxonomy":"post_tag","embeddable":true,"href":"https:\/\/fadeweb.uncoma.edu.ar\/index.php\/wp-json\/wp\/v2\/tags?post=18689"}],"curies":[{"name":"wp","href":"https:\/\/api.w.org\/{rel}","templated":true}]}}