{"id":18683,"date":"2018-05-11T11:47:28","date_gmt":"2018-05-11T14:47:28","guid":{"rendered":"https:\/\/fadeweb.uncoma.edu.ar\/?p=18683"},"modified":"2023-11-29T11:49:03","modified_gmt":"2023-11-29T14:49:03","slug":"convocatoria-segunda-sesion-ordinaria-2","status":"publish","type":"post","link":"https:\/\/fadeweb.uncoma.edu.ar\/index.php\/2018\/05\/11\/convocatoria-segunda-sesion-ordinaria-2\/","title":{"rendered":"CONVOCATORIA SEGUNDA SESI\u00d3N ORDINARIA"},"content":{"rendered":"<p><img fetchpriority=\"high\" decoding=\"async\" class=\"alignnone size-full wp-image-13803\" src=\"https:\/\/fadeweb.uncoma.edu.ar\/wp-content\/uploads\/2023\/02\/cd2.jpg\" alt=\"\" width=\"800\" height=\"222\" srcset=\"https:\/\/fadeweb.uncoma.edu.ar\/wp-content\/uploads\/2023\/02\/cd2.jpg 800w, https:\/\/fadeweb.uncoma.edu.ar\/wp-content\/uploads\/2023\/02\/cd2-300x83.jpg 300w, https:\/\/fadeweb.uncoma.edu.ar\/wp-content\/uploads\/2023\/02\/cd2-768x213.jpg 768w\" sizes=\"(max-width: 800px) 100vw, 800px\" \/><\/p>\n<p>Por indicaci\u00f3n del Decano Lic. Andr\u00e9s Ponce de Le\u00f3n, se convoca a Consejeros\/as y Directores\/as de Departamentos Docentes para el d\u00eda lunes 14 del corriente mes a partir de las 14:00 hs a efectos de concluir con los temas pendientes de la Sesi\u00f3n Ordinaria N\u00ba 2 (13\/04\/2018). Concluida la misma se dar\u00e1 comienzo a la Sesi\u00f3n Ordinaria N\u00ba 3 para tratar nuevo Orden del D\u00eda.<\/p>\n<p>Asimismo, se aclara que en caso de no reunir el qu\u00f3rum necesario para sesionar al d\u00eda lunes, el d\u00eda martes 15 a partir de las 14:00 hs se sesionar\u00e1 aplicando el Art\u00edculo 17\u00ba del Reglamento de Consejo Directivo.<\/p>\n<p>Motiva la presente convocatoria, actividades institucionales que se realizar\u00e1n (fuera del \u00e1mbito de la Facultad) el d\u00eda viernes 11 del corriente mes, fecha pautada para sesi\u00f3n ordinaria.<\/p>\n<p>El Orden del D\u00eda de la Tercera Sesi\u00f3n es el siguiente:<\/p>\n<p><strong>REUNION ORDINARIA\u00a0\u00a0\u00a0\u00a0 14 DE MAYO 2018\u00a0\u00a0\u00a0\u00a0\u00a0\u00a0\u00a0\u00a0\u00a0\u00a0\u00a0\u00a0 ACTA N\u00ba 3<\/strong><\/p>\n<p><strong>ORDEN DEL DIA<\/strong><\/p>\n<p><strong>DESPACHO DE COMISI\u00d3N DE DOCENCIA Y ASUNTOS STUDIANTILES<\/strong><\/p>\n<blockquote><p>1.1.- Expediente N\u00ba 201 \u2013 S\/solicitud de concurso para cubrir un (1) cargo de AYP_3 Suplente por Licencia de la docente Delfina Garino. Dpto. Cs. Pol\u00edticas y Sociales.- MI. G. MAQUEDA<\/p>\n<p>1.2.- Expediente N\u00ba 202 \u2013 S\/Acta Acuerdo de transferencia presupuestaria a\u00f1o 2018 entre FACIAS-FADECS para cubrir designaciones del Dpto. Cs. Pol\u00edticas y Sociales.- MI. G. MAQUEDA<\/p>\n<p>1.3.-\u00a0 Expediente N\u00ba 199 \u2013\u00a0 Ratificar Res. N\u00ba 236\/18 designaci\u00f3n Prof. Carla Franquelli como PAD_3 (cargo adicional), para la Lic. en Enfermer\u00eda.- MI. G. MAQUEDA<\/p>\n<p>1.4.- Expediente N\u00ba 198 \u2013 Ratificar Resoluciones N\u00ba 239 y 240\/18 s\/designaciones de las docentes S. Garc\u00eda Gualda \u2013 L. Di Camilo y M. Schierloh para la Lic. en Enfermer\u00eda.- MI. G. MAQUEDA<\/p>\n<p>1.5.- Expediente N\u00ba 203 \u2013 Designaci\u00f3n de la docente C. Franquelli como responsable del dictado del \u201cSeminario Diversidad Cultural, Etnicidad y Discriminaci\u00f3n\u201d por licencia m\u00e9dica de la docente C. Garc\u00eda Vazquez<\/p>\n<p>1.6.- Expediente N\u00ba 197 \u2013\u00a0 Dir. de\u00a0 Postgrado\u00a0 solicita modificaci\u00f3n\u00a0\u00a0 en\u00a0 la conformaci\u00f3n\u00a0 de\u00a0 los\u00a0 equipos\u00a0\u00a0 de direcci\u00f3n\u00a0\u00a0 de\u00a0\u00a0 las\u00a0\u00a0 carreras\u00a0\u00a0 de\u00a0\u00a0 postgrado\u00a0\u00a0 Maestr\u00eda\u00a0\u00a0 en\u00a0\u00a0 Sociolog\u00eda\u00a0\u00a0 de\u00a0\u00a0 la\u00a0\u00a0 Agricultura\u00a0\u00a0 Latinoamericana\u00a0\u00a0 y Especializaci\u00f3n en Sociolog\u00eda de la Agricultura Latinoamericana.- MI. J. MONASTERIO.<\/p>\n<p>1.7.- Expediente N\u00ba 200 \u2013 Dir de Postgrado solicita Aval Acad\u00e9mico para Seminario de Postgrado \u201cElementos Te\u00f3ricos y Metodol\u00f3gicos p\/un abordaje cr\u00edtico de la pobreza en Argentina\u201d.-\u00a0 MI. J. MONASTERIO.<\/p><\/blockquote>\n<p><strong>2. DESPACHO DE COMISI\u00d3N DE INVESTIGACI\u00d3N Y EXTENSI\u00d3N.<\/strong><\/p>\n<blockquote><p>2.1.- Expediente N\u00ba\u00a0 207 \u2013 Ratificar Res. N\u00ba 0254\/18 de Decano Ad Refer\u00e9ndum s\/designaci\u00f3n del docente G. Gzain como Tutor Pedag\u00f3gico.- MI. BERGERO.<\/p><\/blockquote>\n","protected":false},"excerpt":{"rendered":"<p>Por indicaci\u00f3n del Decano Lic. Andr\u00e9s Ponce de Le\u00f3n, se convoca a Consejeros\/as y Directores\/as de Departamentos Docentes para el d\u00eda lunes 14 del corriente mes a partir de las 14:00 hs a efectos de concluir con los temas pendientes de la Sesi\u00f3n Ordinaria N\u00ba 2 (13\/04\/2018). Concluida la misma se dar\u00e1 comienzo a la [&hellip;]<\/p>\n","protected":false},"author":2,"featured_media":13803,"comment_status":"closed","ping_status":"closed","sticky":false,"template":"","format":"standard","meta":{"footnotes":""},"categories":[11,5],"tags":[],"class_list":["post-18683","post","type-post","status-publish","format-standard","has-post-thumbnail","hentry","category-11","category-notifadecs"],"_links":{"self":[{"href":"https:\/\/fadeweb.uncoma.edu.ar\/index.php\/wp-json\/wp\/v2\/posts\/18683","targetHints":{"allow":["GET"]}}],"collection":[{"href":"https:\/\/fadeweb.uncoma.edu.ar\/index.php\/wp-json\/wp\/v2\/posts"}],"about":[{"href":"https:\/\/fadeweb.uncoma.edu.ar\/index.php\/wp-json\/wp\/v2\/types\/post"}],"author":[{"embeddable":true,"href":"https:\/\/fadeweb.uncoma.edu.ar\/index.php\/wp-json\/wp\/v2\/users\/2"}],"replies":[{"embeddable":true,"href":"https:\/\/fadeweb.uncoma.edu.ar\/index.php\/wp-json\/wp\/v2\/comments?post=18683"}],"version-history":[{"count":2,"href":"https:\/\/fadeweb.uncoma.edu.ar\/index.php\/wp-json\/wp\/v2\/posts\/18683\/revisions"}],"predecessor-version":[{"id":18685,"href":"https:\/\/fadeweb.uncoma.edu.ar\/index.php\/wp-json\/wp\/v2\/posts\/18683\/revisions\/18685"}],"wp:featuredmedia":[{"embeddable":true,"href":"https:\/\/fadeweb.uncoma.edu.ar\/index.php\/wp-json\/wp\/v2\/media\/13803"}],"wp:attachment":[{"href":"https:\/\/fadeweb.uncoma.edu.ar\/index.php\/wp-json\/wp\/v2\/media?parent=18683"}],"wp:term":[{"taxonomy":"category","embeddable":true,"href":"https:\/\/fadeweb.uncoma.edu.ar\/index.php\/wp-json\/wp\/v2\/categories?post=18683"},{"taxonomy":"post_tag","embeddable":true,"href":"https:\/\/fadeweb.uncoma.edu.ar\/index.php\/wp-json\/wp\/v2\/tags?post=18683"}],"curies":[{"name":"wp","href":"https:\/\/api.w.org\/{rel}","templated":true}]}}