{"id":18658,"date":"2018-05-18T11:25:20","date_gmt":"2018-05-18T14:25:20","guid":{"rendered":"https:\/\/fadeweb.uncoma.edu.ar\/?p=18658"},"modified":"2023-11-29T11:26:43","modified_gmt":"2023-11-29T14:26:43","slug":"normalidad-en-visperas-de-las-elecciones-en-la-unco","status":"publish","type":"post","link":"https:\/\/fadeweb.uncoma.edu.ar\/index.php\/2018\/05\/18\/normalidad-en-visperas-de-las-elecciones-en-la-unco\/","title":{"rendered":"NORMALIDAD EN V\u00cdSPERAS DE LAS ELECCIONES EN LA UNCO"},"content":{"rendered":"<p><img fetchpriority=\"high\" decoding=\"async\" class=\"alignnone size-full wp-image-18659\" src=\"https:\/\/fadeweb.uncoma.edu.ar\/wp-content\/uploads\/2023\/11\/Elecciones.jpg\" alt=\"\" width=\"916\" height=\"535\" srcset=\"https:\/\/fadeweb.uncoma.edu.ar\/wp-content\/uploads\/2023\/11\/Elecciones.jpg 916w, https:\/\/fadeweb.uncoma.edu.ar\/wp-content\/uploads\/2023\/11\/Elecciones-300x175.jpg 300w, https:\/\/fadeweb.uncoma.edu.ar\/wp-content\/uploads\/2023\/11\/Elecciones-768x449.jpg 768w\" sizes=\"(max-width: 916px) 100vw, 916px\" \/><\/p>\n<p class=\"texto\">Las autoridades de la Facultad de Derecho y Ciencias Sociales informan que est\u00e1n dispuestos todos los elementos para el desarrollo con normalidad del acto eleccionario de renovaci\u00f3n de autoridades en la Universidad Nacional del Comahue, previsto para los d\u00edas 21 y 22 de mayo de 2018.<\/p>\n<p class=\"texto\">Las mesas de los claustros de docentes, no docentes y graduados se instalar\u00e1n en dependencias del edificio del decanato, en tanto que las mesas del claustro de estudiantes se abrir\u00e1n en las aulas 8 y 9 del edificio hist\u00f3rico de la FADECS.<\/p>\n<p class=\"texto\">Se recuerda la obligatoriedad de concurrencia a votar con el Documento Nacional de Identidad. Est\u00e1n habilitados para votar todos los que figuran en el padr\u00f3n respectivo.<\/p>\n<p class=\"texto\"><strong><a href=\"https:\/\/bit.ly\/2vpUaRE\">Acceso a los padrones.<\/a><\/strong><\/p>\n","protected":false},"excerpt":{"rendered":"<p>Las autoridades de la Facultad de Derecho y Ciencias Sociales informan que est\u00e1n dispuestos todos los elementos para el desarrollo con normalidad del acto eleccionario de renovaci\u00f3n de autoridades en la Universidad Nacional del Comahue, previsto para los d\u00edas 21 y 22 de mayo de 2018. Las mesas de los claustros de docentes, no docentes [&hellip;]<\/p>\n","protected":false},"author":2,"featured_media":18659,"comment_status":"closed","ping_status":"closed","sticky":false,"template":"","format":"standard","meta":{"footnotes":""},"categories":[11,5],"tags":[],"class_list":["post-18658","post","type-post","status-publish","format-standard","has-post-thumbnail","hentry","category-11","category-notifadecs"],"_links":{"self":[{"href":"https:\/\/fadeweb.uncoma.edu.ar\/index.php\/wp-json\/wp\/v2\/posts\/18658","targetHints":{"allow":["GET"]}}],"collection":[{"href":"https:\/\/fadeweb.uncoma.edu.ar\/index.php\/wp-json\/wp\/v2\/posts"}],"about":[{"href":"https:\/\/fadeweb.uncoma.edu.ar\/index.php\/wp-json\/wp\/v2\/types\/post"}],"author":[{"embeddable":true,"href":"https:\/\/fadeweb.uncoma.edu.ar\/index.php\/wp-json\/wp\/v2\/users\/2"}],"replies":[{"embeddable":true,"href":"https:\/\/fadeweb.uncoma.edu.ar\/index.php\/wp-json\/wp\/v2\/comments?post=18658"}],"version-history":[{"count":1,"href":"https:\/\/fadeweb.uncoma.edu.ar\/index.php\/wp-json\/wp\/v2\/posts\/18658\/revisions"}],"predecessor-version":[{"id":18660,"href":"https:\/\/fadeweb.uncoma.edu.ar\/index.php\/wp-json\/wp\/v2\/posts\/18658\/revisions\/18660"}],"wp:featuredmedia":[{"embeddable":true,"href":"https:\/\/fadeweb.uncoma.edu.ar\/index.php\/wp-json\/wp\/v2\/media\/18659"}],"wp:attachment":[{"href":"https:\/\/fadeweb.uncoma.edu.ar\/index.php\/wp-json\/wp\/v2\/media?parent=18658"}],"wp:term":[{"taxonomy":"category","embeddable":true,"href":"https:\/\/fadeweb.uncoma.edu.ar\/index.php\/wp-json\/wp\/v2\/categories?post=18658"},{"taxonomy":"post_tag","embeddable":true,"href":"https:\/\/fadeweb.uncoma.edu.ar\/index.php\/wp-json\/wp\/v2\/tags?post=18658"}],"curies":[{"name":"wp","href":"https:\/\/api.w.org\/{rel}","templated":true}]}}