{"id":18650,"date":"2018-05-18T11:22:29","date_gmt":"2018-05-18T14:22:29","guid":{"rendered":"https:\/\/fadeweb.uncoma.edu.ar\/?p=18650"},"modified":"2023-11-29T11:23:05","modified_gmt":"2023-11-29T14:23:05","slug":"convenio-de-uso-del-polideportivo-fabricio-vaccari","status":"publish","type":"post","link":"https:\/\/fadeweb.uncoma.edu.ar\/index.php\/2018\/05\/18\/convenio-de-uso-del-polideportivo-fabricio-vaccari\/","title":{"rendered":"CONVENIO DE USO DEL POLIDEPORTIVO FABRICIO VACCARI"},"content":{"rendered":"<p><img fetchpriority=\"high\" decoding=\"async\" class=\"alignnone size-large wp-image-18651\" src=\"https:\/\/fadeweb.uncoma.edu.ar\/wp-content\/uploads\/2023\/11\/pfv-1024x556.jpg\" alt=\"\" width=\"800\" height=\"434\" srcset=\"https:\/\/fadeweb.uncoma.edu.ar\/wp-content\/uploads\/2023\/11\/pfv-1024x556.jpg 1024w, https:\/\/fadeweb.uncoma.edu.ar\/wp-content\/uploads\/2023\/11\/pfv-300x163.jpg 300w, https:\/\/fadeweb.uncoma.edu.ar\/wp-content\/uploads\/2023\/11\/pfv-768x417.jpg 768w, https:\/\/fadeweb.uncoma.edu.ar\/wp-content\/uploads\/2023\/11\/pfv.jpg 1236w\" sizes=\"(max-width: 800px) 100vw, 800px\" \/><\/p>\n<p class=\"texto\">El Decano de la Facultad de Derecho y Ciencias Sociales de la UNCo, Lic. Andr\u00e9s Ponce de Le\u00f3n y\u00a0 Heraclio Verbeke, Director de Deportes y Recreaci\u00f3n de la Municipalidad de General Roca, firmaron el 14 de mayo un Convenio de cesi\u00f3n del espacio deportivo \u00abPolideportivo Fabricio Vaccari\u00bb. El acuerdo se alcanz\u00f3 a partir del pedido de la Secretar\u00eda de Deporte del Centro de Estudiantes de la FADECS.<\/p>\n<p class=\"texto\">Por medio del convenio se cedi\u00f3 el uso del predio los d\u00edas lunes y mi\u00e9rcoles de 10 a 12 horas, a partir del 16 de mayo y hasta el 30 de noviembre de 2018. Podr\u00e1n concurrir y disfrutar del predio todos y todas las\/os estudiantes de la FADECS y la FADEL, a fin a realizar deportes en grupos de hasta 35 personas, en compa\u00f1\u00eda en el lugar de un responsable de la actividad.<\/p>\n","protected":false},"excerpt":{"rendered":"<p>El Decano de la Facultad de Derecho y Ciencias Sociales de la UNCo, Lic. Andr\u00e9s Ponce de Le\u00f3n y\u00a0 Heraclio Verbeke, Director de Deportes y Recreaci\u00f3n de la Municipalidad de General Roca, firmaron el 14 de mayo un Convenio de cesi\u00f3n del espacio deportivo \u00abPolideportivo Fabricio Vaccari\u00bb. El acuerdo se alcanz\u00f3 a partir del pedido [&hellip;]<\/p>\n","protected":false},"author":2,"featured_media":18651,"comment_status":"closed","ping_status":"closed","sticky":false,"template":"","format":"standard","meta":{"footnotes":""},"categories":[11,5],"tags":[],"class_list":["post-18650","post","type-post","status-publish","format-standard","has-post-thumbnail","hentry","category-11","category-notifadecs"],"_links":{"self":[{"href":"https:\/\/fadeweb.uncoma.edu.ar\/index.php\/wp-json\/wp\/v2\/posts\/18650","targetHints":{"allow":["GET"]}}],"collection":[{"href":"https:\/\/fadeweb.uncoma.edu.ar\/index.php\/wp-json\/wp\/v2\/posts"}],"about":[{"href":"https:\/\/fadeweb.uncoma.edu.ar\/index.php\/wp-json\/wp\/v2\/types\/post"}],"author":[{"embeddable":true,"href":"https:\/\/fadeweb.uncoma.edu.ar\/index.php\/wp-json\/wp\/v2\/users\/2"}],"replies":[{"embeddable":true,"href":"https:\/\/fadeweb.uncoma.edu.ar\/index.php\/wp-json\/wp\/v2\/comments?post=18650"}],"version-history":[{"count":1,"href":"https:\/\/fadeweb.uncoma.edu.ar\/index.php\/wp-json\/wp\/v2\/posts\/18650\/revisions"}],"predecessor-version":[{"id":18652,"href":"https:\/\/fadeweb.uncoma.edu.ar\/index.php\/wp-json\/wp\/v2\/posts\/18650\/revisions\/18652"}],"wp:featuredmedia":[{"embeddable":true,"href":"https:\/\/fadeweb.uncoma.edu.ar\/index.php\/wp-json\/wp\/v2\/media\/18651"}],"wp:attachment":[{"href":"https:\/\/fadeweb.uncoma.edu.ar\/index.php\/wp-json\/wp\/v2\/media?parent=18650"}],"wp:term":[{"taxonomy":"category","embeddable":true,"href":"https:\/\/fadeweb.uncoma.edu.ar\/index.php\/wp-json\/wp\/v2\/categories?post=18650"},{"taxonomy":"post_tag","embeddable":true,"href":"https:\/\/fadeweb.uncoma.edu.ar\/index.php\/wp-json\/wp\/v2\/tags?post=18650"}],"curies":[{"name":"wp","href":"https:\/\/api.w.org\/{rel}","templated":true}]}}