{"id":18648,"date":"2018-05-18T11:21:53","date_gmt":"2018-05-18T14:21:53","guid":{"rendered":"https:\/\/fadeweb.uncoma.edu.ar\/?p=18648"},"modified":"2023-11-29T11:22:22","modified_gmt":"2023-11-29T14:22:22","slug":"curso-de-postgrado-derechos-del-nino-nina-y-adolescentes-3","status":"publish","type":"post","link":"https:\/\/fadeweb.uncoma.edu.ar\/index.php\/2018\/05\/18\/curso-de-postgrado-derechos-del-nino-nina-y-adolescentes-3\/","title":{"rendered":"CURSO DE POSTGRADO \u201cDERECHOS DEL NI\u00d1O, NI\u00d1A Y ADOLESCENTES\u201d"},"content":{"rendered":"<p><img fetchpriority=\"high\" decoding=\"async\" class=\"alignnone size-large wp-image-18600\" src=\"https:\/\/fadeweb.uncoma.edu.ar\/wp-content\/uploads\/2023\/11\/0-ninos-y-adolescentes-1024x683.jpg\" alt=\"\" width=\"800\" height=\"534\" srcset=\"https:\/\/fadeweb.uncoma.edu.ar\/wp-content\/uploads\/2023\/11\/0-ninos-y-adolescentes-1024x683.jpg 1024w, https:\/\/fadeweb.uncoma.edu.ar\/wp-content\/uploads\/2023\/11\/0-ninos-y-adolescentes-300x200.jpg 300w, https:\/\/fadeweb.uncoma.edu.ar\/wp-content\/uploads\/2023\/11\/0-ninos-y-adolescentes-768x512.jpg 768w, https:\/\/fadeweb.uncoma.edu.ar\/wp-content\/uploads\/2023\/11\/0-ninos-y-adolescentes-1536x1024.jpg 1536w, https:\/\/fadeweb.uncoma.edu.ar\/wp-content\/uploads\/2023\/11\/0-ninos-y-adolescentes.jpg 1920w\" sizes=\"(max-width: 800px) 100vw, 800px\" \/><\/p>\n<p class=\"texto\">Se dictar\u00e1 en la Facultad de Derecho y Ciencias Sociales de la UNCo un Curso de Posgrado sobre Derechos de Ni\u00f1as, Ni\u00f1os y Adolescentes. El curso ser\u00e1 co-organizado por la casa de estudios, el Colegio de Abogados de General Roca y el Superior Tribunal de Justicia de la Provincia de R\u00edo Negro.<\/p>\n<p class=\"texto\">La Direcci\u00f3n General del curso estar\u00e1 cargo de la Dra. Victoria Pellegrini, y la Coordinaci\u00f3n General a cargo de las abogadas \u00c1ngela Sosa y Sof\u00eda Szechenyi, siendo las responsables t\u00e9cnico-administrativas del Curso de Posgrado.<\/p>\n<p class=\"texto\">La firma del Acta Acuerdo de Cooperaci\u00f3n Mutua se realiz\u00f3 el mi\u00e9rcoles 9 de mayo entre el Presidente del Colegio de Abogados Dr. Gast\u00f3n Lauriente y el Decano de la FADECS, Lic. Andr\u00e9s Ponce de Le\u00f3n.<\/p>\n<p class=\"texto\">El Equipo Docente estar\u00e1 integrado por las profesoras Dra. Aida Kemelmajer de Carlucci, Dra. Victoria Pellegrini, Dra. Liliana Piccinini, Dra. Carla Villalta, Dra. Moira Revsin, Dra. Andrea Tormena, Dra. Carolina Duprat, y la Dra. Lucrecia Fabrizi.<\/p>\n<p class=\"texto\">En los objetivos del programa se se\u00f1alan los temas a abordar, entre los cuales se indican: el derecho a ser o\u00eddo y a participar en los procesos judiciales y administrativos; el inter\u00e9s superior del ni\u00f1o, ni\u00f1a y adolescente; las reformas que incorpor\u00f3 el C\u00f3digo Civil y Comercial en referencia a los ni\u00f1os, ni\u00f1as y adolescentes y los procesos civiles; las normativas vigentes, las teor\u00edas m\u00e1s actuales y las interpretaciones doctrinales y jurisprudenciales, a fin de otorgar herramientas jur\u00eddicas para la defensa de los derechos de ni\u00f1as, ni\u00f1os y adolescentes en distintos \u00e1mbitos de actuaci\u00f3n profesional.<\/p>\n<p class=\"texto\">Se menciona tambi\u00e9n el dise\u00f1o y funcionamiento del Sistema de Protecci\u00f3n integral de derechos de la infancia y adolescencia en las provincias de R\u00edo Negro y Neuqu\u00e9n, y conocimientos espec\u00edficos sobre la normativa y jurisprudencia local vinculada a la figura del \u201cAbogado del ni\u00f1o\u201d.<\/p>\n<p class=\"texto\"><strong>Matricula &#8211; Becas &#8211; Inscripciones<\/strong><\/p>\n<blockquote>\n<p class=\"texto\"><strong>Matricula Completa:<\/strong> por un convenio firmado con el Superior Tribunal de Justicia de la Provincia de R\u00edo Negro, se redujo el monto total del curso de Postgrado a la suma de $ 3000. Deber\u00e1 ser abonada al momento de la inscripci\u00f3n en efectivo o con las tarjetas de cr\u00e9dito que admite el Colegio de Abogados hasta en 3 cuotas sin inter\u00e9s.<\/p>\n<p class=\"texto\"><strong>Becas: <\/strong>Se reciben solicitudes de beca de hasta el 50% de la Matricula, las que podr\u00e1n ser otorgadas de acuerdo a criterio de la Direcci\u00f3n de Posgrado de la FADECS, la Coordinaci\u00f3n General del Curso y la Escuela de Capacitaci\u00f3n Judicial del Poder Judicial de R\u00edo Negro, en base a los siguientes par\u00e1metros:<\/p>\n<p class=\"texto\">&#8211; Ser egresado de la FADECS durante los a\u00f1os 2016-2018.<\/p>\n<p class=\"texto\">&#8211; Ser matriculado del COLEGIO durante los a\u00f1os 2016-2018.<\/p>\n<p class=\"texto\">&#8211; Tener menos de 35 a\u00f1os.<\/p>\n<p class=\"texto\"><strong>Plazo: <\/strong>1 de Junio de 2018.<\/p>\n<p class=\"texto\"><strong>Inscripciones:<\/strong> Las inscripciones se realizaran \u00fanicamente en la Sede Villegas del Colegio de Abogados de General Roca.<\/p>\n<p class=\"texto\"><strong>Deber\u00e1 acompa\u00f1arse al momento de la inscripci\u00f3n:<\/strong> Fotocopia del DNI y Fotocopia del T\u00edtulo de Abogado, Trabajador Social, y\/o Psicopedagogo.<\/p>\n<\/blockquote>\n<ul>\n<li class=\"texto\">Plazo: 10 de Junio de 2018.<\/li>\n<\/ul>\n<p class=\"texto\">ENTREGA DE DOCUMENTACI\u00d3N EN NEUQU\u00c9N<\/p>\n<p class=\"texto\">La Secretaria de Extensi\u00f3n de la FADECS informa a los interesados en inscribirse en las Pasant\u00edas para el ISSN (estudiantes de la carrera de Servicio Social), que tambi\u00e9n pueden entregar la documentaci\u00f3n en Neuqu\u00e9n. El encargado de recibirla es el Licenciado Juan Carlos Delarriva, en el horario de 14 a 16, en el M\u00f3dulo de Servicio Social.<\/p>\n<p class=\"texto\"><strong>Se adjunta el Cronograma del Curso.<\/strong><br \/>\n<a href=\"https:\/\/l.facebook.com\/l.php?u=https%3A%2F%2Fbit.ly%2F2rQyklS&amp;h=ATPx8zerpjXVzi24kSjf0pQDxio3vzoHKIr5pCQzN42ZZFht1kgnmyiEtwgInJ9VHRMYklDllzb0wIO35oFBVutd5EUpGyMry7dmx7FTKhpPcbsqMn2Amj6QyS-fp_vj6Zxe_jY\" target=\"_blank\" rel=\"noopener\">https:\/\/bit.ly\/2rQyklS<\/a><\/p>\n","protected":false},"excerpt":{"rendered":"<p>Se dictar\u00e1 en la Facultad de Derecho y Ciencias Sociales de la UNCo un Curso de Posgrado sobre Derechos de Ni\u00f1as, Ni\u00f1os y Adolescentes. El curso ser\u00e1 co-organizado por la casa de estudios, el Colegio de Abogados de General Roca y el Superior Tribunal de Justicia de la Provincia de R\u00edo Negro. La Direcci\u00f3n General [&hellip;]<\/p>\n","protected":false},"author":2,"featured_media":18600,"comment_status":"closed","ping_status":"closed","sticky":false,"template":"","format":"standard","meta":{"footnotes":""},"categories":[11,5],"tags":[],"class_list":["post-18648","post","type-post","status-publish","format-standard","has-post-thumbnail","hentry","category-11","category-notifadecs"],"_links":{"self":[{"href":"https:\/\/fadeweb.uncoma.edu.ar\/index.php\/wp-json\/wp\/v2\/posts\/18648","targetHints":{"allow":["GET"]}}],"collection":[{"href":"https:\/\/fadeweb.uncoma.edu.ar\/index.php\/wp-json\/wp\/v2\/posts"}],"about":[{"href":"https:\/\/fadeweb.uncoma.edu.ar\/index.php\/wp-json\/wp\/v2\/types\/post"}],"author":[{"embeddable":true,"href":"https:\/\/fadeweb.uncoma.edu.ar\/index.php\/wp-json\/wp\/v2\/users\/2"}],"replies":[{"embeddable":true,"href":"https:\/\/fadeweb.uncoma.edu.ar\/index.php\/wp-json\/wp\/v2\/comments?post=18648"}],"version-history":[{"count":1,"href":"https:\/\/fadeweb.uncoma.edu.ar\/index.php\/wp-json\/wp\/v2\/posts\/18648\/revisions"}],"predecessor-version":[{"id":18649,"href":"https:\/\/fadeweb.uncoma.edu.ar\/index.php\/wp-json\/wp\/v2\/posts\/18648\/revisions\/18649"}],"wp:featuredmedia":[{"embeddable":true,"href":"https:\/\/fadeweb.uncoma.edu.ar\/index.php\/wp-json\/wp\/v2\/media\/18600"}],"wp:attachment":[{"href":"https:\/\/fadeweb.uncoma.edu.ar\/index.php\/wp-json\/wp\/v2\/media?parent=18648"}],"wp:term":[{"taxonomy":"category","embeddable":true,"href":"https:\/\/fadeweb.uncoma.edu.ar\/index.php\/wp-json\/wp\/v2\/categories?post=18648"},{"taxonomy":"post_tag","embeddable":true,"href":"https:\/\/fadeweb.uncoma.edu.ar\/index.php\/wp-json\/wp\/v2\/tags?post=18648"}],"curies":[{"name":"wp","href":"https:\/\/api.w.org\/{rel}","templated":true}]}}