{"id":18460,"date":"2018-06-13T12:17:31","date_gmt":"2018-06-13T15:17:31","guid":{"rendered":"https:\/\/fadeweb.uncoma.edu.ar\/?p=18460"},"modified":"2023-11-24T12:18:06","modified_gmt":"2023-11-24T15:18:06","slug":"el-19-de-junio-asumen-el-rector-y-la-vicerrectora-2","status":"publish","type":"post","link":"https:\/\/fadeweb.uncoma.edu.ar\/index.php\/2018\/06\/13\/el-19-de-junio-asumen-el-rector-y-la-vicerrectora-2\/","title":{"rendered":"EL 19 DE JUNIO ASUMEN EL RECTOR Y LA VICERRECTORA"},"content":{"rendered":"<p><img fetchpriority=\"high\" decoding=\"async\" class=\"alignnone size-large wp-image-18438\" src=\"https:\/\/fadeweb.uncoma.edu.ar\/wp-content\/uploads\/2023\/11\/inv-rector-1024x509.jpg\" alt=\"\" width=\"800\" height=\"398\" srcset=\"https:\/\/fadeweb.uncoma.edu.ar\/wp-content\/uploads\/2023\/11\/inv-rector-1024x509.jpg 1024w, https:\/\/fadeweb.uncoma.edu.ar\/wp-content\/uploads\/2023\/11\/inv-rector-300x149.jpg 300w, https:\/\/fadeweb.uncoma.edu.ar\/wp-content\/uploads\/2023\/11\/inv-rector-768x382.jpg 768w, https:\/\/fadeweb.uncoma.edu.ar\/wp-content\/uploads\/2023\/11\/inv-rector.jpg 1280w\" sizes=\"(max-width: 800px) 100vw, 800px\" \/><\/p>\n<p class=\"texto\">La Universidad Nacional del Comahue invita al acto de asunci\u00f3n del Rector, Lic. Gustavo Crisafulli y la Vicerrectora, Dra. Adriana Caballero, electos para el per\u00edodo 2018-2022.<\/p>\n<p class=\"texto\">La ceremonia se realizar\u00e1 el 19 de junio a las 10:30 en el Aula Magna \u00abSalvador Allende\u00bb de la UNCo ubicada en calle Buenos Aires 1400 de la ciudad de Neuqu\u00e9n.<\/p>\n","protected":false},"excerpt":{"rendered":"<p>La Universidad Nacional del Comahue invita al acto de asunci\u00f3n del Rector, Lic. Gustavo Crisafulli y la Vicerrectora, Dra. Adriana Caballero, electos para el per\u00edodo 2018-2022. La ceremonia se realizar\u00e1 el 19 de junio a las 10:30 en el Aula Magna \u00abSalvador Allende\u00bb de la UNCo ubicada en calle Buenos Aires 1400 de la ciudad [&hellip;]<\/p>\n","protected":false},"author":2,"featured_media":18438,"comment_status":"closed","ping_status":"closed","sticky":false,"template":"","format":"standard","meta":{"footnotes":""},"categories":[11,5],"tags":[],"class_list":["post-18460","post","type-post","status-publish","format-standard","has-post-thumbnail","hentry","category-11","category-notifadecs"],"_links":{"self":[{"href":"https:\/\/fadeweb.uncoma.edu.ar\/index.php\/wp-json\/wp\/v2\/posts\/18460","targetHints":{"allow":["GET"]}}],"collection":[{"href":"https:\/\/fadeweb.uncoma.edu.ar\/index.php\/wp-json\/wp\/v2\/posts"}],"about":[{"href":"https:\/\/fadeweb.uncoma.edu.ar\/index.php\/wp-json\/wp\/v2\/types\/post"}],"author":[{"embeddable":true,"href":"https:\/\/fadeweb.uncoma.edu.ar\/index.php\/wp-json\/wp\/v2\/users\/2"}],"replies":[{"embeddable":true,"href":"https:\/\/fadeweb.uncoma.edu.ar\/index.php\/wp-json\/wp\/v2\/comments?post=18460"}],"version-history":[{"count":1,"href":"https:\/\/fadeweb.uncoma.edu.ar\/index.php\/wp-json\/wp\/v2\/posts\/18460\/revisions"}],"predecessor-version":[{"id":18461,"href":"https:\/\/fadeweb.uncoma.edu.ar\/index.php\/wp-json\/wp\/v2\/posts\/18460\/revisions\/18461"}],"wp:featuredmedia":[{"embeddable":true,"href":"https:\/\/fadeweb.uncoma.edu.ar\/index.php\/wp-json\/wp\/v2\/media\/18438"}],"wp:attachment":[{"href":"https:\/\/fadeweb.uncoma.edu.ar\/index.php\/wp-json\/wp\/v2\/media?parent=18460"}],"wp:term":[{"taxonomy":"category","embeddable":true,"href":"https:\/\/fadeweb.uncoma.edu.ar\/index.php\/wp-json\/wp\/v2\/categories?post=18460"},{"taxonomy":"post_tag","embeddable":true,"href":"https:\/\/fadeweb.uncoma.edu.ar\/index.php\/wp-json\/wp\/v2\/tags?post=18460"}],"curies":[{"name":"wp","href":"https:\/\/api.w.org\/{rel}","templated":true}]}}