{"id":18457,"date":"2018-06-15T12:15:25","date_gmt":"2018-06-15T15:15:25","guid":{"rendered":"https:\/\/fadeweb.uncoma.edu.ar\/?p=18457"},"modified":"2023-11-24T12:16:22","modified_gmt":"2023-11-24T15:16:22","slug":"15-de-junio-dia-mundial-de-toma-de-conciencia-del-abuso-y-maltrato-en-la-vejez-vejez-sin-maltrato","status":"publish","type":"post","link":"https:\/\/fadeweb.uncoma.edu.ar\/index.php\/2018\/06\/15\/15-de-junio-dia-mundial-de-toma-de-conciencia-del-abuso-y-maltrato-en-la-vejez-vejez-sin-maltrato\/","title":{"rendered":"15 DE JUNIO D\u00eda Mundial de Toma de Conciencia del Abuso y Maltrato en la Vejez \u201cVEJEZ SIN MALTRATO\u201d"},"content":{"rendered":"<p><img fetchpriority=\"high\" decoding=\"async\" class=\"alignnone size-large wp-image-18458\" src=\"https:\/\/fadeweb.uncoma.edu.ar\/wp-content\/uploads\/2023\/11\/15-06-1024x768.jpg\" alt=\"\" width=\"800\" height=\"600\" srcset=\"https:\/\/fadeweb.uncoma.edu.ar\/wp-content\/uploads\/2023\/11\/15-06-1024x768.jpg 1024w, https:\/\/fadeweb.uncoma.edu.ar\/wp-content\/uploads\/2023\/11\/15-06-300x225.jpg 300w, https:\/\/fadeweb.uncoma.edu.ar\/wp-content\/uploads\/2023\/11\/15-06-768x576.jpg 768w, https:\/\/fadeweb.uncoma.edu.ar\/wp-content\/uploads\/2023\/11\/15-06.jpg 1280w\" sizes=\"(max-width: 800px) 100vw, 800px\" \/><\/p>\n<p class=\"texto\">La Asamblea General de las Naciones Unidas, en su resoluci\u00f3n 66\/127, designa el 15 de junio como D\u00eda Mundial de Toma de Conciencia del abuso y maltrato en la Vejez.<\/p>\n<p class=\"texto\">El maltrato y abuso f\u00edsico, psicol\u00f3gico y social que padecen las personas mayores en el mundo, no distingue clases ni condiciones sociales. El abuso y maltrato puede ser ejercido por familiares, vecinos, instituciones p\u00fablicas o privadas y representa un grave problema, pero este es general minimizado y naturalizado desde los diversos \u00e1mbitos de la sociedad.<\/p>\n<p class=\"texto\">Este 15 de Junio, invitamos a reflexionar, a tomar conciencia y a manifestarse en contra de cualquier tipo de maltrato, abuso o discriminaci\u00f3n que perjudique y da\u00f1e tanto f\u00edsica como psicol\u00f3gicamente a una persona mayor.<\/p>\n<p class=\"texto\">La Facultad de Derecho y Ciencias Sociales, a trav\u00e9s de su participaci\u00f3n en la Red Interinstitucional del Adulto Mayor ha asistido a actividades con el objetivo de tomar conciencia de esta problem\u00e1tica. Una de ellas fue el Taller \u201cRepensar la Pr\u00e1ctica\u201d desarrollado el martes 12 de Junio en la Universidad Nacional del Comahue.<\/p>\n","protected":false},"excerpt":{"rendered":"<p>La Asamblea General de las Naciones Unidas, en su resoluci\u00f3n 66\/127, designa el 15 de junio como D\u00eda Mundial de Toma de Conciencia del abuso y maltrato en la Vejez. El maltrato y abuso f\u00edsico, psicol\u00f3gico y social que padecen las personas mayores en el mundo, no distingue clases ni condiciones sociales. El abuso y [&hellip;]<\/p>\n","protected":false},"author":2,"featured_media":18458,"comment_status":"closed","ping_status":"closed","sticky":false,"template":"","format":"standard","meta":{"footnotes":""},"categories":[11,5],"tags":[],"class_list":["post-18457","post","type-post","status-publish","format-standard","has-post-thumbnail","hentry","category-11","category-notifadecs"],"_links":{"self":[{"href":"https:\/\/fadeweb.uncoma.edu.ar\/index.php\/wp-json\/wp\/v2\/posts\/18457","targetHints":{"allow":["GET"]}}],"collection":[{"href":"https:\/\/fadeweb.uncoma.edu.ar\/index.php\/wp-json\/wp\/v2\/posts"}],"about":[{"href":"https:\/\/fadeweb.uncoma.edu.ar\/index.php\/wp-json\/wp\/v2\/types\/post"}],"author":[{"embeddable":true,"href":"https:\/\/fadeweb.uncoma.edu.ar\/index.php\/wp-json\/wp\/v2\/users\/2"}],"replies":[{"embeddable":true,"href":"https:\/\/fadeweb.uncoma.edu.ar\/index.php\/wp-json\/wp\/v2\/comments?post=18457"}],"version-history":[{"count":1,"href":"https:\/\/fadeweb.uncoma.edu.ar\/index.php\/wp-json\/wp\/v2\/posts\/18457\/revisions"}],"predecessor-version":[{"id":18459,"href":"https:\/\/fadeweb.uncoma.edu.ar\/index.php\/wp-json\/wp\/v2\/posts\/18457\/revisions\/18459"}],"wp:featuredmedia":[{"embeddable":true,"href":"https:\/\/fadeweb.uncoma.edu.ar\/index.php\/wp-json\/wp\/v2\/media\/18458"}],"wp:attachment":[{"href":"https:\/\/fadeweb.uncoma.edu.ar\/index.php\/wp-json\/wp\/v2\/media?parent=18457"}],"wp:term":[{"taxonomy":"category","embeddable":true,"href":"https:\/\/fadeweb.uncoma.edu.ar\/index.php\/wp-json\/wp\/v2\/categories?post=18457"},{"taxonomy":"post_tag","embeddable":true,"href":"https:\/\/fadeweb.uncoma.edu.ar\/index.php\/wp-json\/wp\/v2\/tags?post=18457"}],"curies":[{"name":"wp","href":"https:\/\/api.w.org\/{rel}","templated":true}]}}