{"id":18454,"date":"2018-06-15T12:14:39","date_gmt":"2018-06-15T15:14:39","guid":{"rendered":"https:\/\/fadeweb.uncoma.edu.ar\/?p=18454"},"modified":"2023-11-24T12:15:18","modified_gmt":"2023-11-24T15:15:18","slug":"conversaciones-familia-salud-mental-y-adicciones","status":"publish","type":"post","link":"https:\/\/fadeweb.uncoma.edu.ar\/index.php\/2018\/06\/15\/conversaciones-familia-salud-mental-y-adicciones\/","title":{"rendered":"CONVERSACIONES \u00abFAMILIA, SALUD MENTAL Y ADICCIONES\u00bb"},"content":{"rendered":"<p><img fetchpriority=\"high\" decoding=\"async\" class=\"alignnone size-large wp-image-18455\" src=\"https:\/\/fadeweb.uncoma.edu.ar\/wp-content\/uploads\/2023\/11\/Ciclo-de-conversaciones-724x1024.png\" alt=\"\" width=\"724\" height=\"1024\" srcset=\"https:\/\/fadeweb.uncoma.edu.ar\/wp-content\/uploads\/2023\/11\/Ciclo-de-conversaciones-724x1024.png 724w, https:\/\/fadeweb.uncoma.edu.ar\/wp-content\/uploads\/2023\/11\/Ciclo-de-conversaciones-212x300.png 212w, https:\/\/fadeweb.uncoma.edu.ar\/wp-content\/uploads\/2023\/11\/Ciclo-de-conversaciones-768x1086.png 768w, https:\/\/fadeweb.uncoma.edu.ar\/wp-content\/uploads\/2023\/11\/Ciclo-de-conversaciones.png 794w\" sizes=\"(max-width: 724px) 100vw, 724px\" \/><\/p>\n<p class=\"texto\">El ciclo de Conversaciones \u00abFamilia, Salud Mental y Adicciones\u00bb se desarrollar\u00e1 en dos encuentros, 21 y 28 de junio, en el aula 31 de la Facultad de Derecho y Ciencias Sociales. Est\u00e1 destinado a familiares y cuidadores de personas en situaci\u00f3n de sufrimiento mental, trabajadores de salud y educaci\u00f3n, estudiantes y p\u00fablico en general.<\/p>\n<p class=\"texto\">1\u00ba encuentro, 21 de junio a las 18 hs.<br \/>\nTema: La importancia de la familia en el tratamiento del sufrimiento mental y adicciones.<\/p>\n<p class=\"texto\">2\u00ba encuentro, 28 de junio a las 18 hs.<br \/>\nTema: Cuidados de quien cuida.<\/p>\n<p class=\"texto\">La actividad es no arancelada, con cupos limitados. Para contacto e inscripci\u00f3n: <a href=\"mailto:centrodesaludmac@gmail.com\">centrodesaludmac@gmail.com<\/a><\/p>\n","protected":false},"excerpt":{"rendered":"<p>El ciclo de Conversaciones \u00abFamilia, Salud Mental y Adicciones\u00bb se desarrollar\u00e1 en dos encuentros, 21 y 28 de junio, en el aula 31 de la Facultad de Derecho y Ciencias Sociales. Est\u00e1 destinado a familiares y cuidadores de personas en situaci\u00f3n de sufrimiento mental, trabajadores de salud y educaci\u00f3n, estudiantes y p\u00fablico en general. 1\u00ba [&hellip;]<\/p>\n","protected":false},"author":2,"featured_media":18455,"comment_status":"closed","ping_status":"closed","sticky":false,"template":"","format":"standard","meta":{"footnotes":""},"categories":[11,5],"tags":[],"class_list":["post-18454","post","type-post","status-publish","format-standard","has-post-thumbnail","hentry","category-11","category-notifadecs"],"_links":{"self":[{"href":"https:\/\/fadeweb.uncoma.edu.ar\/index.php\/wp-json\/wp\/v2\/posts\/18454","targetHints":{"allow":["GET"]}}],"collection":[{"href":"https:\/\/fadeweb.uncoma.edu.ar\/index.php\/wp-json\/wp\/v2\/posts"}],"about":[{"href":"https:\/\/fadeweb.uncoma.edu.ar\/index.php\/wp-json\/wp\/v2\/types\/post"}],"author":[{"embeddable":true,"href":"https:\/\/fadeweb.uncoma.edu.ar\/index.php\/wp-json\/wp\/v2\/users\/2"}],"replies":[{"embeddable":true,"href":"https:\/\/fadeweb.uncoma.edu.ar\/index.php\/wp-json\/wp\/v2\/comments?post=18454"}],"version-history":[{"count":1,"href":"https:\/\/fadeweb.uncoma.edu.ar\/index.php\/wp-json\/wp\/v2\/posts\/18454\/revisions"}],"predecessor-version":[{"id":18456,"href":"https:\/\/fadeweb.uncoma.edu.ar\/index.php\/wp-json\/wp\/v2\/posts\/18454\/revisions\/18456"}],"wp:featuredmedia":[{"embeddable":true,"href":"https:\/\/fadeweb.uncoma.edu.ar\/index.php\/wp-json\/wp\/v2\/media\/18455"}],"wp:attachment":[{"href":"https:\/\/fadeweb.uncoma.edu.ar\/index.php\/wp-json\/wp\/v2\/media?parent=18454"}],"wp:term":[{"taxonomy":"category","embeddable":true,"href":"https:\/\/fadeweb.uncoma.edu.ar\/index.php\/wp-json\/wp\/v2\/categories?post=18454"},{"taxonomy":"post_tag","embeddable":true,"href":"https:\/\/fadeweb.uncoma.edu.ar\/index.php\/wp-json\/wp\/v2\/tags?post=18454"}],"curies":[{"name":"wp","href":"https:\/\/api.w.org\/{rel}","templated":true}]}}