{"id":18446,"date":"2018-06-15T12:11:28","date_gmt":"2018-06-15T15:11:28","guid":{"rendered":"https:\/\/fadeweb.uncoma.edu.ar\/?p=18446"},"modified":"2023-11-24T12:12:09","modified_gmt":"2023-11-24T15:12:09","slug":"estudiantes-y-docentes-de-comunicacion-visitaron-medios-de-la-region","status":"publish","type":"post","link":"https:\/\/fadeweb.uncoma.edu.ar\/index.php\/2018\/06\/15\/estudiantes-y-docentes-de-comunicacion-visitaron-medios-de-la-region\/","title":{"rendered":"ESTUDIANTES Y DOCENTES DE COMUNICACI\u00d3N VISITARON MEDIOS DE LA REGI\u00d3N"},"content":{"rendered":"<p><img fetchpriority=\"high\" decoding=\"async\" class=\"alignnone size-large wp-image-18447\" src=\"https:\/\/fadeweb.uncoma.edu.ar\/wp-content\/uploads\/2023\/11\/ESTUDIANTES-REGION-838x1024.jpg\" alt=\"\" width=\"800\" height=\"978\" srcset=\"https:\/\/fadeweb.uncoma.edu.ar\/wp-content\/uploads\/2023\/11\/ESTUDIANTES-REGION-838x1024.jpg 838w, https:\/\/fadeweb.uncoma.edu.ar\/wp-content\/uploads\/2023\/11\/ESTUDIANTES-REGION-246x300.jpg 246w, https:\/\/fadeweb.uncoma.edu.ar\/wp-content\/uploads\/2023\/11\/ESTUDIANTES-REGION-768x938.jpg 768w, https:\/\/fadeweb.uncoma.edu.ar\/wp-content\/uploads\/2023\/11\/ESTUDIANTES-REGION-1257x1536.jpg 1257w, https:\/\/fadeweb.uncoma.edu.ar\/wp-content\/uploads\/2023\/11\/ESTUDIANTES-REGION.jpg 1276w\" sizes=\"(max-width: 800px) 100vw, 800px\" \/><\/p>\n<p class=\"texto\">Como parte de las actividades de la materia Fundamentos de la Tecnolog\u00eda, de la carrera de Comunicaci\u00f3n Social (UNCo) de Roca, el cuerpo docente y las estudiantes recorrieron las instalaciones de la radio de amplitud modulada L.U. 18 donde conocieron la historia y el funcionamiento interno del medio de comunicaci\u00f3n.<\/p>\n<p class=\"texto\">En compa\u00f1\u00eda de directivos, periodistas y operadores, las estudiantes recorrieron la radio y pudieron preguntar a los comunicadores sobre las rutinas de trabajo del medio que fue fundado en 1963. La emisora, que cuenta con una se\u00f1al A.M. y tres de frecuencia modulada, cuenta con estudios \u00fanicos en la regi\u00f3n con un dise\u00f1o arquitect\u00f3nico especialmente construido para un medio sonoro.<\/p>\n<p class=\"texto\">La recorrida tambi\u00e9n incluy\u00f3 la visita de las instalaciones del Instituto Universitario Patag\u00f3nico donde accedieron a presenciar el montaje de un estudio y la grabaci\u00f3n de un programa de televisi\u00f3n que se emitir\u00e1 en Canal 10.<\/p>\n<p class=\"texto\">La actividad en los medios es parte de planificaci\u00f3n de la materia que tiene como docentes a Daniela S\u00e1nchez Kramer, Dardo Gobbi y Marcelo Miranda, donde se brinda informaci\u00f3n sobre las herramientas que los futuros locutores y locutoras deber\u00e1n conocer para desempe\u00f1ar su tarea profesional.<\/p>\n","protected":false},"excerpt":{"rendered":"<p>Como parte de las actividades de la materia Fundamentos de la Tecnolog\u00eda, de la carrera de Comunicaci\u00f3n Social (UNCo) de Roca, el cuerpo docente y las estudiantes recorrieron las instalaciones de la radio de amplitud modulada L.U. 18 donde conocieron la historia y el funcionamiento interno del medio de comunicaci\u00f3n. En compa\u00f1\u00eda de directivos, periodistas [&hellip;]<\/p>\n","protected":false},"author":2,"featured_media":18447,"comment_status":"closed","ping_status":"closed","sticky":false,"template":"","format":"standard","meta":{"footnotes":""},"categories":[11,5],"tags":[],"class_list":["post-18446","post","type-post","status-publish","format-standard","has-post-thumbnail","hentry","category-11","category-notifadecs"],"_links":{"self":[{"href":"https:\/\/fadeweb.uncoma.edu.ar\/index.php\/wp-json\/wp\/v2\/posts\/18446","targetHints":{"allow":["GET"]}}],"collection":[{"href":"https:\/\/fadeweb.uncoma.edu.ar\/index.php\/wp-json\/wp\/v2\/posts"}],"about":[{"href":"https:\/\/fadeweb.uncoma.edu.ar\/index.php\/wp-json\/wp\/v2\/types\/post"}],"author":[{"embeddable":true,"href":"https:\/\/fadeweb.uncoma.edu.ar\/index.php\/wp-json\/wp\/v2\/users\/2"}],"replies":[{"embeddable":true,"href":"https:\/\/fadeweb.uncoma.edu.ar\/index.php\/wp-json\/wp\/v2\/comments?post=18446"}],"version-history":[{"count":1,"href":"https:\/\/fadeweb.uncoma.edu.ar\/index.php\/wp-json\/wp\/v2\/posts\/18446\/revisions"}],"predecessor-version":[{"id":18448,"href":"https:\/\/fadeweb.uncoma.edu.ar\/index.php\/wp-json\/wp\/v2\/posts\/18446\/revisions\/18448"}],"wp:featuredmedia":[{"embeddable":true,"href":"https:\/\/fadeweb.uncoma.edu.ar\/index.php\/wp-json\/wp\/v2\/media\/18447"}],"wp:attachment":[{"href":"https:\/\/fadeweb.uncoma.edu.ar\/index.php\/wp-json\/wp\/v2\/media?parent=18446"}],"wp:term":[{"taxonomy":"category","embeddable":true,"href":"https:\/\/fadeweb.uncoma.edu.ar\/index.php\/wp-json\/wp\/v2\/categories?post=18446"},{"taxonomy":"post_tag","embeddable":true,"href":"https:\/\/fadeweb.uncoma.edu.ar\/index.php\/wp-json\/wp\/v2\/tags?post=18446"}],"curies":[{"name":"wp","href":"https:\/\/api.w.org\/{rel}","templated":true}]}}