{"id":18444,"date":"2018-06-15T12:10:33","date_gmt":"2018-06-15T15:10:33","guid":{"rendered":"https:\/\/fadeweb.uncoma.edu.ar\/?p=18444"},"modified":"2023-11-24T12:11:18","modified_gmt":"2023-11-24T15:11:18","slug":"noticias-del-depcom-18","status":"publish","type":"post","link":"https:\/\/fadeweb.uncoma.edu.ar\/index.php\/2018\/06\/15\/noticias-del-depcom-18\/","title":{"rendered":"Noticias del DepCom"},"content":{"rendered":"<p><img fetchpriority=\"high\" decoding=\"async\" class=\"alignnone size-full wp-image-1710\" src=\"https:\/\/fadeweb.uncoma.edu.ar\/wp-content\/uploads\/2022\/06\/deptocom800.jpg\" alt=\"\" width=\"800\" height=\"222\" srcset=\"https:\/\/fadeweb.uncoma.edu.ar\/wp-content\/uploads\/2022\/06\/deptocom800.jpg 800w, https:\/\/fadeweb.uncoma.edu.ar\/wp-content\/uploads\/2022\/06\/deptocom800-300x83.jpg 300w, https:\/\/fadeweb.uncoma.edu.ar\/wp-content\/uploads\/2022\/06\/deptocom800-768x213.jpg 768w\" sizes=\"(max-width: 800px) 100vw, 800px\" \/><\/p>\n<p class=\"texto\"><strong>DOCENTES DEL DEPCOM PARTICIPAR\u00c1N DEL CONGRESO DE MINIFICCI\u00d3N EN SUIZA<\/strong><\/p>\n<p class=\"texto\">El Departamento de Comunicaci\u00f3n Social de la FADECS informa que los docentes de la carrera de Comunicaci\u00f3n, Dr. Ricardo Haye y Dra. Stella Maris Poggian, participar\u00e1n como ponentes en el X Congreso Internacional de Mini-Ficci\u00f3n, que se realizar\u00e1 en la Universidad de St. Gallen (Suiza) desde el 20 al 24 de junio pr\u00f3ximos.<br \/>\nAmbos han participado en ediciones anteriores de este evento de nivel internacional, como fueron Lexington (USA), en 2014, y Neuqu\u00e9n, en 2016.<\/p>\n<p class=\"texto\"><strong>EXPOSITOR EN CONFERENCIA ACAD\u00c9MICA EN UBA<\/strong><\/p>\n<p class=\"texto\">El Docente del DepCom, profesor Gustavo Gzain, dict\u00f3 una conferencia en la Facultad de Filosof\u00eda y Letras de la UBA sobre \u201cModos de mirar y realizar desde el documental social\u201d. En esa presentaci\u00f3n acad\u00e9mica -realizada el pasado 11 de Junio- se proyect\u00f3 una de sus producciones, la pel\u00edcula \u00abCantoras, viento, guitarras. Juglares en la Patagonia\u201d.<\/p>\n","protected":false},"excerpt":{"rendered":"<p>DOCENTES DEL DEPCOM PARTICIPAR\u00c1N DEL CONGRESO DE MINIFICCI\u00d3N EN SUIZA El Departamento de Comunicaci\u00f3n Social de la FADECS informa que los docentes de la carrera de Comunicaci\u00f3n, Dr. Ricardo Haye y Dra. Stella Maris Poggian, participar\u00e1n como ponentes en el X Congreso Internacional de Mini-Ficci\u00f3n, que se realizar\u00e1 en la Universidad de St. Gallen (Suiza) [&hellip;]<\/p>\n","protected":false},"author":2,"featured_media":1710,"comment_status":"closed","ping_status":"closed","sticky":false,"template":"","format":"standard","meta":{"footnotes":""},"categories":[11,5],"tags":[],"class_list":["post-18444","post","type-post","status-publish","format-standard","has-post-thumbnail","hentry","category-11","category-notifadecs"],"_links":{"self":[{"href":"https:\/\/fadeweb.uncoma.edu.ar\/index.php\/wp-json\/wp\/v2\/posts\/18444","targetHints":{"allow":["GET"]}}],"collection":[{"href":"https:\/\/fadeweb.uncoma.edu.ar\/index.php\/wp-json\/wp\/v2\/posts"}],"about":[{"href":"https:\/\/fadeweb.uncoma.edu.ar\/index.php\/wp-json\/wp\/v2\/types\/post"}],"author":[{"embeddable":true,"href":"https:\/\/fadeweb.uncoma.edu.ar\/index.php\/wp-json\/wp\/v2\/users\/2"}],"replies":[{"embeddable":true,"href":"https:\/\/fadeweb.uncoma.edu.ar\/index.php\/wp-json\/wp\/v2\/comments?post=18444"}],"version-history":[{"count":1,"href":"https:\/\/fadeweb.uncoma.edu.ar\/index.php\/wp-json\/wp\/v2\/posts\/18444\/revisions"}],"predecessor-version":[{"id":18445,"href":"https:\/\/fadeweb.uncoma.edu.ar\/index.php\/wp-json\/wp\/v2\/posts\/18444\/revisions\/18445"}],"wp:featuredmedia":[{"embeddable":true,"href":"https:\/\/fadeweb.uncoma.edu.ar\/index.php\/wp-json\/wp\/v2\/media\/1710"}],"wp:attachment":[{"href":"https:\/\/fadeweb.uncoma.edu.ar\/index.php\/wp-json\/wp\/v2\/media?parent=18444"}],"wp:term":[{"taxonomy":"category","embeddable":true,"href":"https:\/\/fadeweb.uncoma.edu.ar\/index.php\/wp-json\/wp\/v2\/categories?post=18444"},{"taxonomy":"post_tag","embeddable":true,"href":"https:\/\/fadeweb.uncoma.edu.ar\/index.php\/wp-json\/wp\/v2\/tags?post=18444"}],"curies":[{"name":"wp","href":"https:\/\/api.w.org\/{rel}","templated":true}]}}