{"id":18272,"date":"2023-11-09T13:54:01","date_gmt":"2023-11-09T16:54:01","guid":{"rendered":"https:\/\/fadeweb.uncoma.edu.ar\/?p=18272"},"modified":"2023-11-09T13:54:01","modified_gmt":"2023-11-09T16:54:01","slug":"el-municipio-de-general-roca-inauguro-la-despensa-frente-a-la-fadecs","status":"publish","type":"post","link":"https:\/\/fadeweb.uncoma.edu.ar\/index.php\/2023\/11\/09\/el-municipio-de-general-roca-inauguro-la-despensa-frente-a-la-fadecs\/","title":{"rendered":"EL MUNICIPIO DE GENERAL ROCA INAUGUR\u00d3 \u00abLA DESPENSA\u00bb FRENTE A LA FADECS"},"content":{"rendered":"<p><img fetchpriority=\"high\" decoding=\"async\" class=\"alignnone wp-image-18273\" src=\"https:\/\/fadeweb.uncoma.edu.ar\/wp-content\/uploads\/2023\/11\/despensa0-1024x683.jpg\" alt=\"EL MUNICIPIO DE GENERAL ROCA INAUGUR\u00d3 &quot;LA DESPENSA&quot; FRENTE A LA FADECS\" width=\"674\" height=\"450\" srcset=\"https:\/\/fadeweb.uncoma.edu.ar\/wp-content\/uploads\/2023\/11\/despensa0-1024x683.jpg 1024w, https:\/\/fadeweb.uncoma.edu.ar\/wp-content\/uploads\/2023\/11\/despensa0-300x200.jpg 300w, https:\/\/fadeweb.uncoma.edu.ar\/wp-content\/uploads\/2023\/11\/despensa0-768x512.jpg 768w, https:\/\/fadeweb.uncoma.edu.ar\/wp-content\/uploads\/2023\/11\/despensa0-1536x1025.jpg 1536w, https:\/\/fadeweb.uncoma.edu.ar\/wp-content\/uploads\/2023\/11\/despensa0.jpg 1920w\" sizes=\"(max-width: 674px) 100vw, 674px\" \/> <img decoding=\"async\" class=\"alignnone wp-image-18274\" src=\"https:\/\/fadeweb.uncoma.edu.ar\/wp-content\/uploads\/2023\/11\/despensa1-1024x683.jpg\" alt=\"\" width=\"675\" height=\"450\" srcset=\"https:\/\/fadeweb.uncoma.edu.ar\/wp-content\/uploads\/2023\/11\/despensa1-1024x683.jpg 1024w, https:\/\/fadeweb.uncoma.edu.ar\/wp-content\/uploads\/2023\/11\/despensa1-300x200.jpg 300w, https:\/\/fadeweb.uncoma.edu.ar\/wp-content\/uploads\/2023\/11\/despensa1-768x512.jpg 768w, https:\/\/fadeweb.uncoma.edu.ar\/wp-content\/uploads\/2023\/11\/despensa1-1536x1024.jpg 1536w, https:\/\/fadeweb.uncoma.edu.ar\/wp-content\/uploads\/2023\/11\/despensa1.jpg 1920w\" sizes=\"(max-width: 675px) 100vw, 675px\" \/> <img decoding=\"async\" class=\"alignnone wp-image-18275\" src=\"https:\/\/fadeweb.uncoma.edu.ar\/wp-content\/uploads\/2023\/11\/despensa3-1024x768.jpg\" alt=\"\" width=\"600\" height=\"450\" srcset=\"https:\/\/fadeweb.uncoma.edu.ar\/wp-content\/uploads\/2023\/11\/despensa3-1024x768.jpg 1024w, https:\/\/fadeweb.uncoma.edu.ar\/wp-content\/uploads\/2023\/11\/despensa3-300x225.jpg 300w, https:\/\/fadeweb.uncoma.edu.ar\/wp-content\/uploads\/2023\/11\/despensa3-768x576.jpg 768w, https:\/\/fadeweb.uncoma.edu.ar\/wp-content\/uploads\/2023\/11\/despensa3-1536x1152.jpg 1536w, https:\/\/fadeweb.uncoma.edu.ar\/wp-content\/uploads\/2023\/11\/despensa3.jpg 1600w\" sizes=\"(max-width: 600px) 100vw, 600px\" \/><\/p>\n<p>El complejo habilitado el jueves 9 de noviembre en forma oficial es un modulo de expendio de alimentos de producci\u00f3n local; fue anunciado el 11 de agosto y es una iniciativa municipal que apunta a potenciar el marco productivo. El acto cont\u00f3 con la presencia de la intendenta Mar\u00eda Emilia Soria y de la Coordinadora de Proyectos Roc\u00edo Zanier Quintas, entre otros funcionarios.<\/p>\n<p>Por la FADECS asistieron el secretario General Felix Teseyra, la secretaria de Extensi\u00f3n Sofia Szechenyi, la secretaria de Bienestar Mariela P\u00e9rez, la secretaria privada del decano Ayelen Rojas, y los no docentes Cristina Piriz y Rafael Salvo.<\/p>\n<p>El m\u00f3dulo de venta est\u00e1 ubicado frente al edificio de la Facultad de Derecho y Ciencias Sociales, en el paseo del canal grande y es vecino del comedor universitario. El emprendimiento es administrado por la cooperativa de producci\u00f3n y comercializaci\u00f3n Le Jardinere Ltda., expender\u00e1 productos alternativos de la econom\u00eda social, de agricultura familiar y de cooperativas.<\/p>\n<p>Los horarios en que permanecer\u00e1 abierto son de lunes a viernes de 9 a 15 y los s\u00e1bados de 11 a 13.<\/p>\n","protected":false},"excerpt":{"rendered":"<p>El complejo habilitado el jueves 9 de noviembre en forma oficial es un modulo de expendio de alimentos de producci\u00f3n local; fue anunciado el 11 de agosto y es una iniciativa municipal que apunta a potenciar el marco productivo. El acto cont\u00f3 con la presencia de la intendenta Mar\u00eda Emilia Soria y de la Coordinadora [&hellip;]<\/p>\n","protected":false},"author":4,"featured_media":18273,"comment_status":"closed","ping_status":"closed","sticky":false,"template":"","format":"standard","meta":{"footnotes":""},"categories":[5],"tags":[],"class_list":["post-18272","post","type-post","status-publish","format-standard","has-post-thumbnail","hentry","category-notifadecs"],"_links":{"self":[{"href":"https:\/\/fadeweb.uncoma.edu.ar\/index.php\/wp-json\/wp\/v2\/posts\/18272","targetHints":{"allow":["GET"]}}],"collection":[{"href":"https:\/\/fadeweb.uncoma.edu.ar\/index.php\/wp-json\/wp\/v2\/posts"}],"about":[{"href":"https:\/\/fadeweb.uncoma.edu.ar\/index.php\/wp-json\/wp\/v2\/types\/post"}],"author":[{"embeddable":true,"href":"https:\/\/fadeweb.uncoma.edu.ar\/index.php\/wp-json\/wp\/v2\/users\/4"}],"replies":[{"embeddable":true,"href":"https:\/\/fadeweb.uncoma.edu.ar\/index.php\/wp-json\/wp\/v2\/comments?post=18272"}],"version-history":[{"count":1,"href":"https:\/\/fadeweb.uncoma.edu.ar\/index.php\/wp-json\/wp\/v2\/posts\/18272\/revisions"}],"predecessor-version":[{"id":18276,"href":"https:\/\/fadeweb.uncoma.edu.ar\/index.php\/wp-json\/wp\/v2\/posts\/18272\/revisions\/18276"}],"wp:featuredmedia":[{"embeddable":true,"href":"https:\/\/fadeweb.uncoma.edu.ar\/index.php\/wp-json\/wp\/v2\/media\/18273"}],"wp:attachment":[{"href":"https:\/\/fadeweb.uncoma.edu.ar\/index.php\/wp-json\/wp\/v2\/media?parent=18272"}],"wp:term":[{"taxonomy":"category","embeddable":true,"href":"https:\/\/fadeweb.uncoma.edu.ar\/index.php\/wp-json\/wp\/v2\/categories?post=18272"},{"taxonomy":"post_tag","embeddable":true,"href":"https:\/\/fadeweb.uncoma.edu.ar\/index.php\/wp-json\/wp\/v2\/tags?post=18272"}],"curies":[{"name":"wp","href":"https:\/\/api.w.org\/{rel}","templated":true}]}}