{"id":18242,"date":"2018-06-29T10:29:38","date_gmt":"2018-06-29T13:29:38","guid":{"rendered":"https:\/\/fadeweb.uncoma.edu.ar\/?p=18242"},"modified":"2023-11-09T10:30:37","modified_gmt":"2023-11-09T13:30:37","slug":"curso-de-fotografia-digital-para-personas-con-discapacidad","status":"publish","type":"post","link":"https:\/\/fadeweb.uncoma.edu.ar\/index.php\/2018\/06\/29\/curso-de-fotografia-digital-para-personas-con-discapacidad\/","title":{"rendered":"CURSO DE FOTOGRAF\u00cdA DIGITAL PARA PERSONAS CON DISCAPACIDAD"},"content":{"rendered":"<p><img fetchpriority=\"high\" decoding=\"async\" class=\"alignnone size-large wp-image-17708\" src=\"https:\/\/fadeweb.uncoma.edu.ar\/wp-content\/uploads\/2023\/10\/curso-foto-digital-1024x683.jpg\" alt=\"\" width=\"800\" height=\"534\" srcset=\"https:\/\/fadeweb.uncoma.edu.ar\/wp-content\/uploads\/2023\/10\/curso-foto-digital-1024x683.jpg 1024w, https:\/\/fadeweb.uncoma.edu.ar\/wp-content\/uploads\/2023\/10\/curso-foto-digital-300x200.jpg 300w, https:\/\/fadeweb.uncoma.edu.ar\/wp-content\/uploads\/2023\/10\/curso-foto-digital-768x512.jpg 768w, https:\/\/fadeweb.uncoma.edu.ar\/wp-content\/uploads\/2023\/10\/curso-foto-digital.jpg 1275w\" sizes=\"(max-width: 800px) 100vw, 800px\" \/><\/p>\n<p class=\"texto\">La Secretar\u00eda de Extensi\u00f3n informa que el Curso de Fotograf\u00eda digital de Nivel inicial para personas con discapacidad se dictar\u00e1 a partir del lunes 2 de julio a las 11 hs. en el aula Hermet de la Facultad de Derecho y Ciencias Sociales.<\/p>\n<p class=\"texto\">Las clases estar\u00e1n a cargo del docente Roberto Chiappero y ser\u00e1n todos los lunes hasta noviembre, con un cierre que prev\u00e9 una exposici\u00f3n de las fotograf\u00edas que luego ir\u00e1n a la XIV Jornada de Accesibilidad.<\/p>\n<p class=\"texto\">Es organizado por el \u00c1rea de Accesibilidad de la Secretar\u00eda de Extensi\u00f3n y la Asociaci\u00f3n Civil Grupo Inca. Ser\u00e1 abierto a todo p\u00fablico y cuenta con aval institucional (Resoluci\u00f3n N\u00ba 393\/2018).<\/p>\n<p class=\"texto\">Los interesados en recibir m\u00e1s informaci\u00f3n deben escribir a la direcci\u00f3n\u00a0<a href=\"mailto:accesibilidad@fade.uncoma.edu.ar\" rel=\"noreferrer\">accesibilidad@fade.uncoma.edu.ar<\/a>, el celular es 298 4934290.<\/p>\n","protected":false},"excerpt":{"rendered":"<p>La Secretar\u00eda de Extensi\u00f3n informa que el Curso de Fotograf\u00eda digital de Nivel inicial para personas con discapacidad se dictar\u00e1 a partir del lunes 2 de julio a las 11 hs. en el aula Hermet de la Facultad de Derecho y Ciencias Sociales. Las clases estar\u00e1n a cargo del docente Roberto Chiappero y ser\u00e1n todos [&hellip;]<\/p>\n","protected":false},"author":2,"featured_media":17708,"comment_status":"closed","ping_status":"closed","sticky":false,"template":"","format":"standard","meta":{"footnotes":""},"categories":[11,5],"tags":[],"class_list":["post-18242","post","type-post","status-publish","format-standard","has-post-thumbnail","hentry","category-11","category-notifadecs"],"_links":{"self":[{"href":"https:\/\/fadeweb.uncoma.edu.ar\/index.php\/wp-json\/wp\/v2\/posts\/18242","targetHints":{"allow":["GET"]}}],"collection":[{"href":"https:\/\/fadeweb.uncoma.edu.ar\/index.php\/wp-json\/wp\/v2\/posts"}],"about":[{"href":"https:\/\/fadeweb.uncoma.edu.ar\/index.php\/wp-json\/wp\/v2\/types\/post"}],"author":[{"embeddable":true,"href":"https:\/\/fadeweb.uncoma.edu.ar\/index.php\/wp-json\/wp\/v2\/users\/2"}],"replies":[{"embeddable":true,"href":"https:\/\/fadeweb.uncoma.edu.ar\/index.php\/wp-json\/wp\/v2\/comments?post=18242"}],"version-history":[{"count":1,"href":"https:\/\/fadeweb.uncoma.edu.ar\/index.php\/wp-json\/wp\/v2\/posts\/18242\/revisions"}],"predecessor-version":[{"id":18243,"href":"https:\/\/fadeweb.uncoma.edu.ar\/index.php\/wp-json\/wp\/v2\/posts\/18242\/revisions\/18243"}],"wp:featuredmedia":[{"embeddable":true,"href":"https:\/\/fadeweb.uncoma.edu.ar\/index.php\/wp-json\/wp\/v2\/media\/17708"}],"wp:attachment":[{"href":"https:\/\/fadeweb.uncoma.edu.ar\/index.php\/wp-json\/wp\/v2\/media?parent=18242"}],"wp:term":[{"taxonomy":"category","embeddable":true,"href":"https:\/\/fadeweb.uncoma.edu.ar\/index.php\/wp-json\/wp\/v2\/categories?post=18242"},{"taxonomy":"post_tag","embeddable":true,"href":"https:\/\/fadeweb.uncoma.edu.ar\/index.php\/wp-json\/wp\/v2\/tags?post=18242"}],"curies":[{"name":"wp","href":"https:\/\/api.w.org\/{rel}","templated":true}]}}