{"id":18149,"date":"2018-08-06T08:29:51","date_gmt":"2018-08-06T11:29:51","guid":{"rendered":"https:\/\/fadeweb.uncoma.edu.ar\/?p=18149"},"modified":"2023-11-09T08:30:34","modified_gmt":"2023-11-09T11:30:34","slug":"capacitacion-en-trabajo-social","status":"publish","type":"post","link":"https:\/\/fadeweb.uncoma.edu.ar\/index.php\/2018\/08\/06\/capacitacion-en-trabajo-social\/","title":{"rendered":"CAPACITACI\u00d3N EN TRABAJO SOCIAL"},"content":{"rendered":"<p><img fetchpriority=\"high\" decoding=\"async\" class=\"alignnone size-large wp-image-18150\" src=\"https:\/\/fadeweb.uncoma.edu.ar\/wp-content\/uploads\/2023\/11\/Jornada-Capacitacion-Afiche-1024x724.jpg\" alt=\"\" width=\"800\" height=\"566\" srcset=\"https:\/\/fadeweb.uncoma.edu.ar\/wp-content\/uploads\/2023\/11\/Jornada-Capacitacion-Afiche-1024x724.jpg 1024w, https:\/\/fadeweb.uncoma.edu.ar\/wp-content\/uploads\/2023\/11\/Jornada-Capacitacion-Afiche-300x212.jpg 300w, https:\/\/fadeweb.uncoma.edu.ar\/wp-content\/uploads\/2023\/11\/Jornada-Capacitacion-Afiche-768x543.jpg 768w, https:\/\/fadeweb.uncoma.edu.ar\/wp-content\/uploads\/2023\/11\/Jornada-Capacitacion-Afiche.jpg 1241w\" sizes=\"(max-width: 800px) 100vw, 800px\" \/><\/p>\n<p class=\"texto\">La Jornada de Capacitaci\u00f3n \u00abLa dimensi\u00f3n socio pol\u00edtica y \u00e9tica del trabajo social en el marco de los Derechos Humanos\u00bb se llevar\u00e1 a cabo el mi\u00e9rcoles 15 y el jueves 16 de agosto en la Facultad de Derecho y Ciencias Sociales, en Mendoza y Per\u00fa de General Roca. Es organizado por la casa de estudios y el Colegio de Profesionales de Trabajo Social de R\u00edo Negro.<\/p>\n<p class=\"texto\"><strong>Los expositores ser\u00e1n:<\/strong><br \/>\nSilvana Mart\u00ednez, presidente de la Federaci\u00f3n Internacional del Trabajo Social (FITS).<br \/>\nDr. Rory Truell, Secretario General de la Federaci\u00f3n Internacional del Trabajo Social (FITS).<br \/>\nRuth Parola, del Colegio de Profesionales de Trabajo Social de Mendoza.<br \/>\nNorberto Alay\u00f3n, profesor titular de la carrera de Trabajo Social en la UBA.<\/p>\n<p class=\"texto\">Pre-inscripciones mediante link publicado en la p\u00e1gina de facebook del Colegio Profesional: Lic. Trabajo Social R\u00edo Negro. El link pueden solicitarlo v\u00eda e-mail escribiendo a <a href=\"mailto:colegiotsrionegro@gmail.com\">colegiotsrionegro@gmail.com<\/a><\/p>\n<p class=\"texto\">Se adjunta <a href=\"http:\/\/fadecs.uncoma.edu.ar\/extension\/com-ins\/images\/noti\/0818\/Jornada Capacitacion Programa.jpg\">Programa de la jornada<\/a> y <a href=\"http:\/\/fadecs.uncoma.edu.ar\/extension\/com-ins\/images\/noti\/0818\/Jornada Capacitacion Expositores .jpg\">CV abreviado de expositores<\/a><\/p>\n","protected":false},"excerpt":{"rendered":"<p>La Jornada de Capacitaci\u00f3n \u00abLa dimensi\u00f3n socio pol\u00edtica y \u00e9tica del trabajo social en el marco de los Derechos Humanos\u00bb se llevar\u00e1 a cabo el mi\u00e9rcoles 15 y el jueves 16 de agosto en la Facultad de Derecho y Ciencias Sociales, en Mendoza y Per\u00fa de General Roca. Es organizado por la casa de estudios [&hellip;]<\/p>\n","protected":false},"author":2,"featured_media":18150,"comment_status":"closed","ping_status":"closed","sticky":false,"template":"","format":"standard","meta":{"footnotes":""},"categories":[11,5],"tags":[],"class_list":["post-18149","post","type-post","status-publish","format-standard","has-post-thumbnail","hentry","category-11","category-notifadecs"],"_links":{"self":[{"href":"https:\/\/fadeweb.uncoma.edu.ar\/index.php\/wp-json\/wp\/v2\/posts\/18149","targetHints":{"allow":["GET"]}}],"collection":[{"href":"https:\/\/fadeweb.uncoma.edu.ar\/index.php\/wp-json\/wp\/v2\/posts"}],"about":[{"href":"https:\/\/fadeweb.uncoma.edu.ar\/index.php\/wp-json\/wp\/v2\/types\/post"}],"author":[{"embeddable":true,"href":"https:\/\/fadeweb.uncoma.edu.ar\/index.php\/wp-json\/wp\/v2\/users\/2"}],"replies":[{"embeddable":true,"href":"https:\/\/fadeweb.uncoma.edu.ar\/index.php\/wp-json\/wp\/v2\/comments?post=18149"}],"version-history":[{"count":1,"href":"https:\/\/fadeweb.uncoma.edu.ar\/index.php\/wp-json\/wp\/v2\/posts\/18149\/revisions"}],"predecessor-version":[{"id":18151,"href":"https:\/\/fadeweb.uncoma.edu.ar\/index.php\/wp-json\/wp\/v2\/posts\/18149\/revisions\/18151"}],"wp:featuredmedia":[{"embeddable":true,"href":"https:\/\/fadeweb.uncoma.edu.ar\/index.php\/wp-json\/wp\/v2\/media\/18150"}],"wp:attachment":[{"href":"https:\/\/fadeweb.uncoma.edu.ar\/index.php\/wp-json\/wp\/v2\/media?parent=18149"}],"wp:term":[{"taxonomy":"category","embeddable":true,"href":"https:\/\/fadeweb.uncoma.edu.ar\/index.php\/wp-json\/wp\/v2\/categories?post=18149"},{"taxonomy":"post_tag","embeddable":true,"href":"https:\/\/fadeweb.uncoma.edu.ar\/index.php\/wp-json\/wp\/v2\/tags?post=18149"}],"curies":[{"name":"wp","href":"https:\/\/api.w.org\/{rel}","templated":true}]}}