{"id":18144,"date":"2018-08-06T08:27:30","date_gmt":"2018-08-06T11:27:30","guid":{"rendered":"https:\/\/fadeweb.uncoma.edu.ar\/?p=18144"},"modified":"2023-11-09T08:28:18","modified_gmt":"2023-11-09T11:28:18","slug":"se-dictara-en-la-fadecs-un-taller-de-operacion-tecnica-de-radio","status":"publish","type":"post","link":"https:\/\/fadeweb.uncoma.edu.ar\/index.php\/2018\/08\/06\/se-dictara-en-la-fadecs-un-taller-de-operacion-tecnica-de-radio\/","title":{"rendered":"SE DICTAR\u00c1 EN LA FADECS UN TALLER DE OPERACI\u00d3N T\u00c9CNICA DE RADIO"},"content":{"rendered":"<p><img fetchpriority=\"high\" decoding=\"async\" class=\"alignnone size-large wp-image-18145\" src=\"https:\/\/fadeweb.uncoma.edu.ar\/wp-content\/uploads\/2023\/11\/0-MANIPULACION-DE-EQUIPAMIENTO-1024x683.jpg\" alt=\"\" width=\"800\" height=\"534\" srcset=\"https:\/\/fadeweb.uncoma.edu.ar\/wp-content\/uploads\/2023\/11\/0-MANIPULACION-DE-EQUIPAMIENTO-1024x683.jpg 1024w, https:\/\/fadeweb.uncoma.edu.ar\/wp-content\/uploads\/2023\/11\/0-MANIPULACION-DE-EQUIPAMIENTO-300x200.jpg 300w, https:\/\/fadeweb.uncoma.edu.ar\/wp-content\/uploads\/2023\/11\/0-MANIPULACION-DE-EQUIPAMIENTO-768x512.jpg 768w, https:\/\/fadeweb.uncoma.edu.ar\/wp-content\/uploads\/2023\/11\/0-MANIPULACION-DE-EQUIPAMIENTO-1536x1024.jpg 1536w, https:\/\/fadeweb.uncoma.edu.ar\/wp-content\/uploads\/2023\/11\/0-MANIPULACION-DE-EQUIPAMIENTO.jpg 1920w\" sizes=\"(max-width: 800px) 100vw, 800px\" \/><\/p>\n<p class=\"texto\">La Secretar\u00eda de Extensi\u00f3n informa que en conjunto con el laboratorio de audio se ha dise\u00f1ado un curso de formaci\u00f3n en tareas de operador t\u00e9cnico y saberes complementarios con los roles de locutor y periodista. La capacitaci\u00f3n en manejo de equipamiento y programas de sonidos para editar y automatizar en radio es una demanda de los estudiantes de la carrera de Licenciatura en Comunicaci\u00f3n Social.<\/p>\n<p class=\"texto\">El taller es gratuito y est\u00e1 dirigido a estudiantes de Comunicaci\u00f3n Social y, en esta primera edici\u00f3n, ser\u00e1 dictado por el docente Marcelo Miranda. Ser\u00e1n cinco encuentros semanales,<strong> todos los viernes a partir del 31 de agosto, de 10:30 a 12:30 hs. en el laboratorio de audio.<\/strong><\/p>\n<p class=\"texto\">Las inscripciones estar\u00e1n abiertas hasta el 27 de agosto, con un cupo m\u00e1ximo de 10 estudiantes por cada taller, y se tomar\u00e1n personalmente en la Secretar\u00eda de Extensi\u00f3n en el horario de 8 a 14 hs.<\/p>\n<p class=\"texto\">La capacitaci\u00f3n cuenta con aval institucional del CD, Resoluci\u00f3n N\u00ba 0061\/18 , la Secretar\u00eda de Extensi\u00f3n entregar\u00e1 certificados a los asistentes.<\/p>\n<p class=\"texto\">Los contenidos a desarrollar ser\u00e1n Manipulaci\u00f3n de los elementos que conforman un estudio de radio, Particularidades de la operaci\u00f3n t\u00e9cnica, Tipos de micr\u00f3fono y diferentes usos, Programas de grabaci\u00f3n y edici\u00f3n de sonidos (Vegas y Sound Forge), Programas de automatizaci\u00f3n de una radio (Dinesat y Zara), y Puesta en funcionamiento de una radio en Internet.<\/p>\n","protected":false},"excerpt":{"rendered":"<p>La Secretar\u00eda de Extensi\u00f3n informa que en conjunto con el laboratorio de audio se ha dise\u00f1ado un curso de formaci\u00f3n en tareas de operador t\u00e9cnico y saberes complementarios con los roles de locutor y periodista. La capacitaci\u00f3n en manejo de equipamiento y programas de sonidos para editar y automatizar en radio es una demanda de [&hellip;]<\/p>\n","protected":false},"author":2,"featured_media":18145,"comment_status":"closed","ping_status":"closed","sticky":false,"template":"","format":"standard","meta":{"footnotes":""},"categories":[11,5],"tags":[],"class_list":["post-18144","post","type-post","status-publish","format-standard","has-post-thumbnail","hentry","category-11","category-notifadecs"],"_links":{"self":[{"href":"https:\/\/fadeweb.uncoma.edu.ar\/index.php\/wp-json\/wp\/v2\/posts\/18144","targetHints":{"allow":["GET"]}}],"collection":[{"href":"https:\/\/fadeweb.uncoma.edu.ar\/index.php\/wp-json\/wp\/v2\/posts"}],"about":[{"href":"https:\/\/fadeweb.uncoma.edu.ar\/index.php\/wp-json\/wp\/v2\/types\/post"}],"author":[{"embeddable":true,"href":"https:\/\/fadeweb.uncoma.edu.ar\/index.php\/wp-json\/wp\/v2\/users\/2"}],"replies":[{"embeddable":true,"href":"https:\/\/fadeweb.uncoma.edu.ar\/index.php\/wp-json\/wp\/v2\/comments?post=18144"}],"version-history":[{"count":1,"href":"https:\/\/fadeweb.uncoma.edu.ar\/index.php\/wp-json\/wp\/v2\/posts\/18144\/revisions"}],"predecessor-version":[{"id":18146,"href":"https:\/\/fadeweb.uncoma.edu.ar\/index.php\/wp-json\/wp\/v2\/posts\/18144\/revisions\/18146"}],"wp:featuredmedia":[{"embeddable":true,"href":"https:\/\/fadeweb.uncoma.edu.ar\/index.php\/wp-json\/wp\/v2\/media\/18145"}],"wp:attachment":[{"href":"https:\/\/fadeweb.uncoma.edu.ar\/index.php\/wp-json\/wp\/v2\/media?parent=18144"}],"wp:term":[{"taxonomy":"category","embeddable":true,"href":"https:\/\/fadeweb.uncoma.edu.ar\/index.php\/wp-json\/wp\/v2\/categories?post=18144"},{"taxonomy":"post_tag","embeddable":true,"href":"https:\/\/fadeweb.uncoma.edu.ar\/index.php\/wp-json\/wp\/v2\/tags?post=18144"}],"curies":[{"name":"wp","href":"https:\/\/api.w.org\/{rel}","templated":true}]}}