{"id":18086,"date":"2023-11-06T13:07:11","date_gmt":"2023-11-06T16:07:11","guid":{"rendered":"https:\/\/fadeweb.uncoma.edu.ar\/?p=18086"},"modified":"2023-11-06T13:07:11","modified_gmt":"2023-11-06T16:07:11","slug":"se-realizo-el-conversatorio-sobre-los-derechos-del-pueblo-mapuche-tehuelche","status":"publish","type":"post","link":"https:\/\/fadeweb.uncoma.edu.ar\/index.php\/2023\/11\/06\/se-realizo-el-conversatorio-sobre-los-derechos-del-pueblo-mapuche-tehuelche\/","title":{"rendered":"SE REALIZ\u00d3 EL CONVERSATORIO SOBRE \u00abLOS DERECHOS DEL PUEBLO MAPUCHE TEHUELCHE\u00bb"},"content":{"rendered":"<p><img fetchpriority=\"high\" decoding=\"async\" class=\"alignnone wp-image-18087 alignleft\" src=\"https:\/\/fadeweb.uncoma.edu.ar\/wp-content\/uploads\/2023\/11\/LOS-DERECHOS-DEL-PUEBLO-MAPUCHE-TEHUELCHE-1024x1024.jpg\" alt=\"LOS DERECHOS DEL PUEBLO MAPUCHE TEHUELCHE\" width=\"600\" height=\"600\" srcset=\"https:\/\/fadeweb.uncoma.edu.ar\/wp-content\/uploads\/2023\/11\/LOS-DERECHOS-DEL-PUEBLO-MAPUCHE-TEHUELCHE-1024x1024.jpg 1024w, https:\/\/fadeweb.uncoma.edu.ar\/wp-content\/uploads\/2023\/11\/LOS-DERECHOS-DEL-PUEBLO-MAPUCHE-TEHUELCHE-300x300.jpg 300w, https:\/\/fadeweb.uncoma.edu.ar\/wp-content\/uploads\/2023\/11\/LOS-DERECHOS-DEL-PUEBLO-MAPUCHE-TEHUELCHE-150x150.jpg 150w, https:\/\/fadeweb.uncoma.edu.ar\/wp-content\/uploads\/2023\/11\/LOS-DERECHOS-DEL-PUEBLO-MAPUCHE-TEHUELCHE-768x768.jpg 768w, https:\/\/fadeweb.uncoma.edu.ar\/wp-content\/uploads\/2023\/11\/LOS-DERECHOS-DEL-PUEBLO-MAPUCHE-TEHUELCHE.jpg 1080w\" sizes=\"(max-width: 600px) 100vw, 600px\" \/><\/p>\n<p style=\"text-align: left;\">El Seminario de DDHH realiz\u00f3 la clase abierta y p\u00fablica sobre \u00abLos derechos del Pueblo Mapuche Tehuelche\u00bb el viernes 3 de noviembre, con la participaci\u00f3n de Orlando Carriqueo, werken del Parlamento Mapuche &#8211; Tehuelche. La jornada tuvo una modalidad h\u00edbrida, con una participaci\u00f3n virtual de 25 personas, mientras que en el aula en donde se llevo a cabo se congregaron 20 estudiantes del Seminario de DD.HH.<\/p>\n<p style=\"text-align: left;\">La apertura del encuentro estuvo a cargo de Francisco Cali Tzay, Relator Especial de los Derechos de los Pueblos Ind\u00edgenas de Naciones Unidas, quien destaco \u00abla importancia de la UNCo por tomar la iniciativa en ser la primera universidad a nivel nacional que se presenta como un proyecto intercultural. Hizo \u00e9nfasis en la necesidad de que otras universidades puedan seguir el mismo camino\u00bb.<\/p>\n<p style=\"text-align: left;\">El conversatorio continu\u00f3 con la disertaci\u00f3n del werken Orlando Carriqueo, de la Coordinadora del Parlamento Mapuche, quien dio \u00abun panorama de la historia de los pueblos originarios, en particular del pueblo mapuche-tehuelche, partiendo de la idea de genocidio llevado a cabo durante la conformaci\u00f3n del estado argentino\u00bb. Tambi\u00e9n hizo referencia al asesinato de Rafael Nahuel, donde hizo hincapi\u00e9 en afirmar que \u00abhay una estrategia de desconocimiento total de la constituci\u00f3n y los derechos, raz\u00f3n por la cual destaco la importancia de fomentar espacios para habilitar la discusi\u00f3n en torno a la tem\u00e1tica, as\u00ed como el acompa\u00f1amiento de distintos referentes\u00bb.<\/p>\n","protected":false},"excerpt":{"rendered":"<p>El Seminario de DDHH realiz\u00f3 la clase abierta y p\u00fablica sobre \u00abLos derechos del Pueblo Mapuche Tehuelche\u00bb el viernes 3 de noviembre, con la participaci\u00f3n de Orlando Carriqueo, werken del Parlamento Mapuche &#8211; Tehuelche. La jornada tuvo una modalidad h\u00edbrida, con una participaci\u00f3n virtual de 25 personas, mientras que en el aula en donde se [&hellip;]<\/p>\n","protected":false},"author":4,"featured_media":18087,"comment_status":"closed","ping_status":"closed","sticky":false,"template":"","format":"standard","meta":{"footnotes":""},"categories":[5],"tags":[],"class_list":["post-18086","post","type-post","status-publish","format-standard","has-post-thumbnail","hentry","category-notifadecs"],"_links":{"self":[{"href":"https:\/\/fadeweb.uncoma.edu.ar\/index.php\/wp-json\/wp\/v2\/posts\/18086","targetHints":{"allow":["GET"]}}],"collection":[{"href":"https:\/\/fadeweb.uncoma.edu.ar\/index.php\/wp-json\/wp\/v2\/posts"}],"about":[{"href":"https:\/\/fadeweb.uncoma.edu.ar\/index.php\/wp-json\/wp\/v2\/types\/post"}],"author":[{"embeddable":true,"href":"https:\/\/fadeweb.uncoma.edu.ar\/index.php\/wp-json\/wp\/v2\/users\/4"}],"replies":[{"embeddable":true,"href":"https:\/\/fadeweb.uncoma.edu.ar\/index.php\/wp-json\/wp\/v2\/comments?post=18086"}],"version-history":[{"count":1,"href":"https:\/\/fadeweb.uncoma.edu.ar\/index.php\/wp-json\/wp\/v2\/posts\/18086\/revisions"}],"predecessor-version":[{"id":18088,"href":"https:\/\/fadeweb.uncoma.edu.ar\/index.php\/wp-json\/wp\/v2\/posts\/18086\/revisions\/18088"}],"wp:featuredmedia":[{"embeddable":true,"href":"https:\/\/fadeweb.uncoma.edu.ar\/index.php\/wp-json\/wp\/v2\/media\/18087"}],"wp:attachment":[{"href":"https:\/\/fadeweb.uncoma.edu.ar\/index.php\/wp-json\/wp\/v2\/media?parent=18086"}],"wp:term":[{"taxonomy":"category","embeddable":true,"href":"https:\/\/fadeweb.uncoma.edu.ar\/index.php\/wp-json\/wp\/v2\/categories?post=18086"},{"taxonomy":"post_tag","embeddable":true,"href":"https:\/\/fadeweb.uncoma.edu.ar\/index.php\/wp-json\/wp\/v2\/tags?post=18086"}],"curies":[{"name":"wp","href":"https:\/\/api.w.org\/{rel}","templated":true}]}}