{"id":18032,"date":"2018-08-10T07:32:39","date_gmt":"2018-08-10T10:32:39","guid":{"rendered":"https:\/\/fadeweb.uncoma.edu.ar\/?p=18032"},"modified":"2023-11-02T07:34:34","modified_gmt":"2023-11-02T10:34:34","slug":"participacion-juvenil-y-prevencion-entre-pares","status":"publish","type":"post","link":"https:\/\/fadeweb.uncoma.edu.ar\/index.php\/2018\/08\/10\/participacion-juvenil-y-prevencion-entre-pares\/","title":{"rendered":"PARTICIPACI\u00d3N JUVENIL Y PREVENCI\u00d3N ENTRE PARES"},"content":{"rendered":"<p class=\"texto\">El Congreso de \u00abParticipaci\u00f3n Juvenil y Prevenci\u00f3n entre pares\u00bb que se realiz\u00f3 en la Facultad en Junio pasado fue cubierto por el Programa Juntos para Sumar,\u00a0que se emite por Canal 10 de R\u00edo Negro. La organizaci\u00f3n del encuentro fue en forma conjunta entre la FADECS y el Ministerio de Salud de la provincia de R\u00edo Negro.<\/p>\n<p class=\"texto\">La iniciativa surgi\u00f3 del Proyecto de Extensi\u00f3n \u00abEstrategias de Intervenci\u00f3n comunitarias con adolescentes y j\u00f3venes desde la formaci\u00f3n de pares\u00bb, aprobado mediante Ordenanza 878\/17 de Consejo Superior de la UNCo. El proyecto es dirigido desde la c\u00e1tedra Teor\u00eda y Pr\u00e1ctica de Servicio Social en Comunidad que integran las docentes Marcela Casta\u00f1\u00f3n, Daniela Salas y Norma Mora.<\/p>\n<p class=\"texto\">Del trabajo period\u00edstico centrado en el Congreso result\u00f3 la producci\u00f3n de un bloque tem\u00e1tico emitido por la televisora estatal. Los responsables del proyecto referido a Preventores Juveniles\u00a0difundi\u00f3 el video resultante, el que se ofrece desde nuestra p\u00e1gina.<\/p>\n<p class=\"texto\"><a href=\"https:\/\/www.youtube.com\/watch?v=1K9LWNqqX7I\" target=\"_blank\" rel=\"noopener\">https:\/\/www.youtube.com\/watch?v=1K9LWNqqX7I<\/a><\/p>\n<p>\u00a0<iframe title=\"YouTube video player\" src=\"https:\/\/www.youtube.com\/embed\/1K9LWNqqX7I?si=8qeqCxe1Su5Ue9uh\" width=\"560\" height=\"315\" frameborder=\"0\" allowfullscreen=\"allowfullscreen\"><\/iframe><\/p>\n","protected":false},"excerpt":{"rendered":"<p>El Congreso de \u00abParticipaci\u00f3n Juvenil y Prevenci\u00f3n entre pares\u00bb que se realiz\u00f3 en la Facultad en Junio pasado fue cubierto por el Programa Juntos para Sumar,\u00a0que se emite por Canal 10 de R\u00edo Negro. La organizaci\u00f3n del encuentro fue en forma conjunta entre la FADECS y el Ministerio de Salud de la provincia de R\u00edo [&hellip;]<\/p>\n","protected":false},"author":2,"featured_media":13458,"comment_status":"closed","ping_status":"closed","sticky":false,"template":"","format":"standard","meta":{"footnotes":""},"categories":[11,5],"tags":[],"class_list":["post-18032","post","type-post","status-publish","format-standard","has-post-thumbnail","hentry","category-11","category-notifadecs"],"_links":{"self":[{"href":"https:\/\/fadeweb.uncoma.edu.ar\/index.php\/wp-json\/wp\/v2\/posts\/18032","targetHints":{"allow":["GET"]}}],"collection":[{"href":"https:\/\/fadeweb.uncoma.edu.ar\/index.php\/wp-json\/wp\/v2\/posts"}],"about":[{"href":"https:\/\/fadeweb.uncoma.edu.ar\/index.php\/wp-json\/wp\/v2\/types\/post"}],"author":[{"embeddable":true,"href":"https:\/\/fadeweb.uncoma.edu.ar\/index.php\/wp-json\/wp\/v2\/users\/2"}],"replies":[{"embeddable":true,"href":"https:\/\/fadeweb.uncoma.edu.ar\/index.php\/wp-json\/wp\/v2\/comments?post=18032"}],"version-history":[{"count":1,"href":"https:\/\/fadeweb.uncoma.edu.ar\/index.php\/wp-json\/wp\/v2\/posts\/18032\/revisions"}],"predecessor-version":[{"id":18033,"href":"https:\/\/fadeweb.uncoma.edu.ar\/index.php\/wp-json\/wp\/v2\/posts\/18032\/revisions\/18033"}],"wp:featuredmedia":[{"embeddable":true,"href":"https:\/\/fadeweb.uncoma.edu.ar\/index.php\/wp-json\/wp\/v2\/media\/13458"}],"wp:attachment":[{"href":"https:\/\/fadeweb.uncoma.edu.ar\/index.php\/wp-json\/wp\/v2\/media?parent=18032"}],"wp:term":[{"taxonomy":"category","embeddable":true,"href":"https:\/\/fadeweb.uncoma.edu.ar\/index.php\/wp-json\/wp\/v2\/categories?post=18032"},{"taxonomy":"post_tag","embeddable":true,"href":"https:\/\/fadeweb.uncoma.edu.ar\/index.php\/wp-json\/wp\/v2\/tags?post=18032"}],"curies":[{"name":"wp","href":"https:\/\/api.w.org\/{rel}","templated":true}]}}