{"id":18028,"date":"2018-08-10T07:30:36","date_gmt":"2018-08-10T10:30:36","guid":{"rendered":"https:\/\/fadeweb.uncoma.edu.ar\/?p=18028"},"modified":"2023-11-02T07:32:20","modified_gmt":"2023-11-02T10:32:20","slug":"noticias-del-depcom-14","status":"publish","type":"post","link":"https:\/\/fadeweb.uncoma.edu.ar\/index.php\/2018\/08\/10\/noticias-del-depcom-14\/","title":{"rendered":"Noticias del DepCom"},"content":{"rendered":"<h2><img fetchpriority=\"high\" decoding=\"async\" class=\"alignnone size-full wp-image-18029\" src=\"https:\/\/fadeweb.uncoma.edu.ar\/wp-content\/uploads\/2023\/11\/redcom.jpg\" alt=\"\" width=\"590\" height=\"800\" srcset=\"https:\/\/fadeweb.uncoma.edu.ar\/wp-content\/uploads\/2023\/11\/redcom.jpg 590w, https:\/\/fadeweb.uncoma.edu.ar\/wp-content\/uploads\/2023\/11\/redcom-221x300.jpg 221w\" sizes=\"(max-width: 590px) 100vw, 590px\" \/><\/h2>\n<h2 class=\"subt1\">CIERRE DE PRESENTACI\u00d3N DE PONENCIAS PARA EL CONGRESO DE REDCOM EN VILLA MAR\u00cdA, C\u00d3RDOBA<\/h2>\n<p class=\"texto\">El XX Congreso de Redcom y Primer Congreso Latinoamericano de Comunicaci\u00f3n que se realizar\u00e1 en la Universidad de Villa Mar\u00eda, C\u00f3rdoba, informa que este jueves 9 de agosto opera el cierre de la recepci\u00f3n de ponencias. Es necesario completar el formulario disponible en el siguiente enlace: <a href=\"https:\/\/tinyurl.com\/yb9qaghz\">https:\/\/tinyurl.com\/yb9qaghz<\/a><\/p>\n<h2><img decoding=\"async\" class=\"alignnone size-large wp-image-18030\" src=\"https:\/\/fadeweb.uncoma.edu.ar\/wp-content\/uploads\/2023\/11\/IMG_8631-768x1024.jpg\" alt=\"\" width=\"768\" height=\"1024\" srcset=\"https:\/\/fadeweb.uncoma.edu.ar\/wp-content\/uploads\/2023\/11\/IMG_8631-768x1024.jpg 768w, https:\/\/fadeweb.uncoma.edu.ar\/wp-content\/uploads\/2023\/11\/IMG_8631-225x300.jpg 225w, https:\/\/fadeweb.uncoma.edu.ar\/wp-content\/uploads\/2023\/11\/IMG_8631-1152x1536.jpg 1152w, https:\/\/fadeweb.uncoma.edu.ar\/wp-content\/uploads\/2023\/11\/IMG_8631.jpg 1512w\" sizes=\"(max-width: 768px) 100vw, 768px\" \/><\/h2>\n<h2 class=\"subt1\">DOCENTES DE FADECS PRESENTES EN LAS JORNADAS ANDINAS DE LITERATURA LATINOAMERICANA<\/h2>\n<p class=\"texto\">(Desde R\u00edo Branco) En esta ciudad cercana a las fronteras brasile\u00f1as con Per\u00fa y Bolivia comenzaron ayer las deliberaciones de las XIII Jornadas Andinas de Literatura Latinoamericana (JALLA 2018). La organizaci\u00f3n anfitriona es la Universidade Federal do Acre, que espera recibir alrededor de 500 acad\u00e9micos e investigadores de todo el mundo.<\/p>\n<p class=\"texto\">R\u00edo Branco, capital del estado de Acre cuya poblaci\u00f3n apenas supera los 300.000 habitantes, es una ciudad construida en el siglo XX sobre las bases de una antigua plantaci\u00f3n de caucho y se encuentra en el centro de la selva amaz\u00f3nica.<\/p>\n<p class=\"texto\">Con una trayectoria de veinticinco a\u00f1os, las Jornadas sesionar\u00e1n hasta el pr\u00f3ximo s\u00e1bado con la consigna \u201cTr\u00e1nsitos de Saberes, Lenguajes y Culturas\u201d. El proyecto de investigaci\u00f3n \u00abReconfiguraci\u00f3n de los mundos posibles\u00bb de la Facultad de Ciencias Sociales de la UNC participa con dos ponencias: \u00abOesterheld y las alegor\u00edas del futuro\u00bb, a cargo de Ricardo Haye, y \u00abCiencia ficci\u00f3n en las aulas: El Eternauta y los posibles recursos pedag\u00f3gicos\u00bb, por parte de Stella Maris Poggian. Ambas intervenciones tendr\u00e1n lugar ma\u00f1ana en el marco del Simposio Imaginarios sociales en la ciencia ficci\u00f3n reciente: espacio, sujeto, cuerpo y tecnolog\u00edas.<\/p>\n","protected":false},"excerpt":{"rendered":"<p>CIERRE DE PRESENTACI\u00d3N DE PONENCIAS PARA EL CONGRESO DE REDCOM EN VILLA MAR\u00cdA, C\u00d3RDOBA El XX Congreso de Redcom y Primer Congreso Latinoamericano de Comunicaci\u00f3n que se realizar\u00e1 en la Universidad de Villa Mar\u00eda, C\u00f3rdoba, informa que este jueves 9 de agosto opera el cierre de la recepci\u00f3n de ponencias. Es necesario completar el formulario [&hellip;]<\/p>\n","protected":false},"author":2,"featured_media":18029,"comment_status":"closed","ping_status":"closed","sticky":false,"template":"","format":"standard","meta":{"footnotes":""},"categories":[11,5],"tags":[],"class_list":["post-18028","post","type-post","status-publish","format-standard","has-post-thumbnail","hentry","category-11","category-notifadecs"],"_links":{"self":[{"href":"https:\/\/fadeweb.uncoma.edu.ar\/index.php\/wp-json\/wp\/v2\/posts\/18028","targetHints":{"allow":["GET"]}}],"collection":[{"href":"https:\/\/fadeweb.uncoma.edu.ar\/index.php\/wp-json\/wp\/v2\/posts"}],"about":[{"href":"https:\/\/fadeweb.uncoma.edu.ar\/index.php\/wp-json\/wp\/v2\/types\/post"}],"author":[{"embeddable":true,"href":"https:\/\/fadeweb.uncoma.edu.ar\/index.php\/wp-json\/wp\/v2\/users\/2"}],"replies":[{"embeddable":true,"href":"https:\/\/fadeweb.uncoma.edu.ar\/index.php\/wp-json\/wp\/v2\/comments?post=18028"}],"version-history":[{"count":1,"href":"https:\/\/fadeweb.uncoma.edu.ar\/index.php\/wp-json\/wp\/v2\/posts\/18028\/revisions"}],"predecessor-version":[{"id":18031,"href":"https:\/\/fadeweb.uncoma.edu.ar\/index.php\/wp-json\/wp\/v2\/posts\/18028\/revisions\/18031"}],"wp:featuredmedia":[{"embeddable":true,"href":"https:\/\/fadeweb.uncoma.edu.ar\/index.php\/wp-json\/wp\/v2\/media\/18029"}],"wp:attachment":[{"href":"https:\/\/fadeweb.uncoma.edu.ar\/index.php\/wp-json\/wp\/v2\/media?parent=18028"}],"wp:term":[{"taxonomy":"category","embeddable":true,"href":"https:\/\/fadeweb.uncoma.edu.ar\/index.php\/wp-json\/wp\/v2\/categories?post=18028"},{"taxonomy":"post_tag","embeddable":true,"href":"https:\/\/fadeweb.uncoma.edu.ar\/index.php\/wp-json\/wp\/v2\/tags?post=18028"}],"curies":[{"name":"wp","href":"https:\/\/api.w.org\/{rel}","templated":true}]}}