{"id":18023,"date":"2018-08-10T07:26:51","date_gmt":"2018-08-10T10:26:51","guid":{"rendered":"https:\/\/fadeweb.uncoma.edu.ar\/?p=18023"},"modified":"2023-11-02T07:27:44","modified_gmt":"2023-11-02T10:27:44","slug":"seminario-comunicacion-y-educacion","status":"publish","type":"post","link":"https:\/\/fadeweb.uncoma.edu.ar\/index.php\/2018\/08\/10\/seminario-comunicacion-y-educacion\/","title":{"rendered":"SEMINARIO \u00abCOMUNICACI\u00d3N Y EDUCACI\u00d3N\u00bb"},"content":{"rendered":"<p><img fetchpriority=\"high\" decoding=\"async\" class=\"alignnone size-full wp-image-1710\" src=\"https:\/\/fadeweb.uncoma.edu.ar\/wp-content\/uploads\/2022\/06\/deptocom800.jpg\" alt=\"\" width=\"800\" height=\"222\" srcset=\"https:\/\/fadeweb.uncoma.edu.ar\/wp-content\/uploads\/2022\/06\/deptocom800.jpg 800w, https:\/\/fadeweb.uncoma.edu.ar\/wp-content\/uploads\/2022\/06\/deptocom800-300x83.jpg 300w, https:\/\/fadeweb.uncoma.edu.ar\/wp-content\/uploads\/2022\/06\/deptocom800-768x213.jpg 768w\" sizes=\"(max-width: 800px) 100vw, 800px\" \/><\/p>\n<p class=\"texto\">Con el interrogante \u00bfQu\u00e9 Comunicaci\u00f3n para qu\u00e9 salud? la profesora Marcela Le\u00f3n dictar\u00e1 el Seminario \u00abComunicaci\u00f3n y Educaci\u00f3n\u00bb. Est\u00e1 dirigido a los estudiantes de las carreras Profesorado en Comunicaci\u00f3n Social y Licenciatura en Comunicaci\u00f3n Social con Orientaci\u00f3n Gesti\u00f3n y Producci\u00f3n.<\/p>\n<p class=\"texto\">Se dictar\u00e1 los lunes de 13 a 17 h en el Aula 13, y el primer encuentro se llevar\u00e1 a cabo el lunes 27 de agosto. Las inscripciones est\u00e1n abiertas desde el martes 7 de Agosto y se extender\u00e1 hasta el lunes 27 de Agosto inclusive, por ventanilla de atenci\u00f3n de la Direcci\u00f3n de Alumnos, en los horarios de 9 a 12 h y de 15 a 19.30 h.<\/p>\n","protected":false},"excerpt":{"rendered":"<p>Con el interrogante \u00bfQu\u00e9 Comunicaci\u00f3n para qu\u00e9 salud? la profesora Marcela Le\u00f3n dictar\u00e1 el Seminario \u00abComunicaci\u00f3n y Educaci\u00f3n\u00bb. Est\u00e1 dirigido a los estudiantes de las carreras Profesorado en Comunicaci\u00f3n Social y Licenciatura en Comunicaci\u00f3n Social con Orientaci\u00f3n Gesti\u00f3n y Producci\u00f3n. Se dictar\u00e1 los lunes de 13 a 17 h en el Aula 13, y el [&hellip;]<\/p>\n","protected":false},"author":2,"featured_media":1710,"comment_status":"closed","ping_status":"closed","sticky":false,"template":"","format":"standard","meta":{"footnotes":""},"categories":[11,5],"tags":[],"class_list":["post-18023","post","type-post","status-publish","format-standard","has-post-thumbnail","hentry","category-11","category-notifadecs"],"_links":{"self":[{"href":"https:\/\/fadeweb.uncoma.edu.ar\/index.php\/wp-json\/wp\/v2\/posts\/18023","targetHints":{"allow":["GET"]}}],"collection":[{"href":"https:\/\/fadeweb.uncoma.edu.ar\/index.php\/wp-json\/wp\/v2\/posts"}],"about":[{"href":"https:\/\/fadeweb.uncoma.edu.ar\/index.php\/wp-json\/wp\/v2\/types\/post"}],"author":[{"embeddable":true,"href":"https:\/\/fadeweb.uncoma.edu.ar\/index.php\/wp-json\/wp\/v2\/users\/2"}],"replies":[{"embeddable":true,"href":"https:\/\/fadeweb.uncoma.edu.ar\/index.php\/wp-json\/wp\/v2\/comments?post=18023"}],"version-history":[{"count":1,"href":"https:\/\/fadeweb.uncoma.edu.ar\/index.php\/wp-json\/wp\/v2\/posts\/18023\/revisions"}],"predecessor-version":[{"id":18024,"href":"https:\/\/fadeweb.uncoma.edu.ar\/index.php\/wp-json\/wp\/v2\/posts\/18023\/revisions\/18024"}],"wp:featuredmedia":[{"embeddable":true,"href":"https:\/\/fadeweb.uncoma.edu.ar\/index.php\/wp-json\/wp\/v2\/media\/1710"}],"wp:attachment":[{"href":"https:\/\/fadeweb.uncoma.edu.ar\/index.php\/wp-json\/wp\/v2\/media?parent=18023"}],"wp:term":[{"taxonomy":"category","embeddable":true,"href":"https:\/\/fadeweb.uncoma.edu.ar\/index.php\/wp-json\/wp\/v2\/categories?post=18023"},{"taxonomy":"post_tag","embeddable":true,"href":"https:\/\/fadeweb.uncoma.edu.ar\/index.php\/wp-json\/wp\/v2\/tags?post=18023"}],"curies":[{"name":"wp","href":"https:\/\/api.w.org\/{rel}","templated":true}]}}