{"id":17932,"date":"2018-08-22T09:01:16","date_gmt":"2018-08-22T12:01:16","guid":{"rendered":"https:\/\/fadeweb.uncoma.edu.ar\/?p=17932"},"modified":"2023-10-27T09:01:58","modified_gmt":"2023-10-27T12:01:58","slug":"necrologica-isabel-barretto-q-e-p-d","status":"publish","type":"post","link":"https:\/\/fadeweb.uncoma.edu.ar\/index.php\/2018\/08\/22\/necrologica-isabel-barretto-q-e-p-d\/","title":{"rendered":"NECROL\u00d3GICA &#8211; Isabel Barretto (Q.E.P.D.)"},"content":{"rendered":"<p class=\"texto\"><img decoding=\"async\" class=\"size-full wp-image-4248 alignright\" src=\"https:\/\/fadeweb.uncoma.edu.ar\/wp-content\/uploads\/2022\/09\/crespon-luto.jpg\" alt=\"\" width=\"199\" height=\"199\" srcset=\"https:\/\/fadeweb.uncoma.edu.ar\/wp-content\/uploads\/2022\/09\/crespon-luto.jpg 199w, https:\/\/fadeweb.uncoma.edu.ar\/wp-content\/uploads\/2022\/09\/crespon-luto-150x150.jpg 150w\" sizes=\"(max-width: 199px) 100vw, 199px\" \/>La comunidad educativa de la Facultad de Derecho y Ciencias Sociales de la Universidad Nacional del Comahue lamenta profundamente el fallecimiento de la estudiante de Abogac\u00eda Isabel Barretto, ocurrido el martes 21 de agosto.<\/p>\n<p class=\"texto\">Se hacen llegar las condolencias y el acompa\u00f1amiento a la familia que est\u00e1 transitando tan doloroso momento.<\/p>\n","protected":false},"excerpt":{"rendered":"<p>La comunidad educativa de la Facultad de Derecho y Ciencias Sociales de la Universidad Nacional del Comahue lamenta profundamente el fallecimiento de la estudiante de Abogac\u00eda Isabel Barretto, ocurrido el martes 21 de agosto. Se hacen llegar las condolencias y el acompa\u00f1amiento a la familia que est\u00e1 transitando tan doloroso momento.<\/p>\n","protected":false},"author":2,"featured_media":4248,"comment_status":"closed","ping_status":"closed","sticky":false,"template":"","format":"standard","meta":{"footnotes":""},"categories":[11,5],"tags":[],"class_list":["post-17932","post","type-post","status-publish","format-standard","has-post-thumbnail","hentry","category-11","category-notifadecs"],"_links":{"self":[{"href":"https:\/\/fadeweb.uncoma.edu.ar\/index.php\/wp-json\/wp\/v2\/posts\/17932","targetHints":{"allow":["GET"]}}],"collection":[{"href":"https:\/\/fadeweb.uncoma.edu.ar\/index.php\/wp-json\/wp\/v2\/posts"}],"about":[{"href":"https:\/\/fadeweb.uncoma.edu.ar\/index.php\/wp-json\/wp\/v2\/types\/post"}],"author":[{"embeddable":true,"href":"https:\/\/fadeweb.uncoma.edu.ar\/index.php\/wp-json\/wp\/v2\/users\/2"}],"replies":[{"embeddable":true,"href":"https:\/\/fadeweb.uncoma.edu.ar\/index.php\/wp-json\/wp\/v2\/comments?post=17932"}],"version-history":[{"count":1,"href":"https:\/\/fadeweb.uncoma.edu.ar\/index.php\/wp-json\/wp\/v2\/posts\/17932\/revisions"}],"predecessor-version":[{"id":17933,"href":"https:\/\/fadeweb.uncoma.edu.ar\/index.php\/wp-json\/wp\/v2\/posts\/17932\/revisions\/17933"}],"wp:featuredmedia":[{"embeddable":true,"href":"https:\/\/fadeweb.uncoma.edu.ar\/index.php\/wp-json\/wp\/v2\/media\/4248"}],"wp:attachment":[{"href":"https:\/\/fadeweb.uncoma.edu.ar\/index.php\/wp-json\/wp\/v2\/media?parent=17932"}],"wp:term":[{"taxonomy":"category","embeddable":true,"href":"https:\/\/fadeweb.uncoma.edu.ar\/index.php\/wp-json\/wp\/v2\/categories?post=17932"},{"taxonomy":"post_tag","embeddable":true,"href":"https:\/\/fadeweb.uncoma.edu.ar\/index.php\/wp-json\/wp\/v2\/tags?post=17932"}],"curies":[{"name":"wp","href":"https:\/\/api.w.org\/{rel}","templated":true}]}}