{"id":17928,"date":"2018-08-22T09:00:22","date_gmt":"2018-08-22T12:00:22","guid":{"rendered":"https:\/\/fadeweb.uncoma.edu.ar\/?p=17928"},"modified":"2023-10-27T09:01:09","modified_gmt":"2023-10-27T12:01:09","slug":"noticias-del-depcom-12","status":"publish","type":"post","link":"https:\/\/fadeweb.uncoma.edu.ar\/index.php\/2018\/08\/22\/noticias-del-depcom-12\/","title":{"rendered":"Noticias del DepCom"},"content":{"rendered":"<h2><img fetchpriority=\"high\" decoding=\"async\" class=\"alignnone size-large wp-image-17929\" src=\"https:\/\/fadeweb.uncoma.edu.ar\/wp-content\/uploads\/2023\/10\/Depcom-720x1024.jpg\" alt=\"\" width=\"720\" height=\"1024\" srcset=\"https:\/\/fadeweb.uncoma.edu.ar\/wp-content\/uploads\/2023\/10\/Depcom-720x1024.jpg 720w, https:\/\/fadeweb.uncoma.edu.ar\/wp-content\/uploads\/2023\/10\/Depcom-211x300.jpg 211w, https:\/\/fadeweb.uncoma.edu.ar\/wp-content\/uploads\/2023\/10\/Depcom-768x1093.jpg 768w, https:\/\/fadeweb.uncoma.edu.ar\/wp-content\/uploads\/2023\/10\/Depcom.jpg 1000w\" sizes=\"(max-width: 720px) 100vw, 720px\" \/><\/h2>\n<h2 class=\"subt1\">JORNADA DE REFLEXI\u00d3N \u201cENTRE EL ACECHO NEOLIBERAL Y EL CAMBIO DE \u00c9POCA\u201d<\/h2>\n<p class=\"texto\">Este jueves 23 de agosto a las 15.00 hs, estudiantes y docentes de las c\u00e1tedras Comunicaci\u00f3n Interpersonal y grupal y Comunicaci\u00f3n en las organizaciones correspondientes a las carreras de Licenciatura y profesorado en Comunicaci\u00f3n Social, realizar\u00e1n un espacio de reflexi\u00f3n p\u00fablica al que han denominado \u201cEntre el acecho neoliberal y el cambio de \u00e9poca\u201d. La actividad se inscribe en el marco de las acciones de paro y movilizaci\u00f3n que vienen llevando a cabo universidades p\u00fablicas de todo el pa\u00eds, en reclamo a una mejora de salarios y contra los recortes presupuestarios por parte del gobierno nacional.<\/p>\n<p class=\"texto\">A la actividad adhiere la c\u00e1tedra Filosof\u00eda de la cultura, tambi\u00e9n de la carrera de Lic. en Comunicaci\u00f3n Social, a cargo de la Prof. Mar\u00eda Jos\u00e9 Melendo y c\u00e1tedras de la UNRN, quienes participar\u00e1n con una intervenci\u00f3n visual que tendr\u00e1 lugar en el espacio exterior, al lado del edificio de la biblioteca Ernesto S\u00e1bato.<\/p>\n","protected":false},"excerpt":{"rendered":"<p>JORNADA DE REFLEXI\u00d3N \u201cENTRE EL ACECHO NEOLIBERAL Y EL CAMBIO DE \u00c9POCA\u201d Este jueves 23 de agosto a las 15.00 hs, estudiantes y docentes de las c\u00e1tedras Comunicaci\u00f3n Interpersonal y grupal y Comunicaci\u00f3n en las organizaciones correspondientes a las carreras de Licenciatura y profesorado en Comunicaci\u00f3n Social, realizar\u00e1n un espacio de reflexi\u00f3n p\u00fablica al que [&hellip;]<\/p>\n","protected":false},"author":2,"featured_media":17929,"comment_status":"closed","ping_status":"closed","sticky":false,"template":"","format":"standard","meta":{"footnotes":""},"categories":[11,5],"tags":[],"class_list":["post-17928","post","type-post","status-publish","format-standard","has-post-thumbnail","hentry","category-11","category-notifadecs"],"_links":{"self":[{"href":"https:\/\/fadeweb.uncoma.edu.ar\/index.php\/wp-json\/wp\/v2\/posts\/17928","targetHints":{"allow":["GET"]}}],"collection":[{"href":"https:\/\/fadeweb.uncoma.edu.ar\/index.php\/wp-json\/wp\/v2\/posts"}],"about":[{"href":"https:\/\/fadeweb.uncoma.edu.ar\/index.php\/wp-json\/wp\/v2\/types\/post"}],"author":[{"embeddable":true,"href":"https:\/\/fadeweb.uncoma.edu.ar\/index.php\/wp-json\/wp\/v2\/users\/2"}],"replies":[{"embeddable":true,"href":"https:\/\/fadeweb.uncoma.edu.ar\/index.php\/wp-json\/wp\/v2\/comments?post=17928"}],"version-history":[{"count":2,"href":"https:\/\/fadeweb.uncoma.edu.ar\/index.php\/wp-json\/wp\/v2\/posts\/17928\/revisions"}],"predecessor-version":[{"id":17931,"href":"https:\/\/fadeweb.uncoma.edu.ar\/index.php\/wp-json\/wp\/v2\/posts\/17928\/revisions\/17931"}],"wp:featuredmedia":[{"embeddable":true,"href":"https:\/\/fadeweb.uncoma.edu.ar\/index.php\/wp-json\/wp\/v2\/media\/17929"}],"wp:attachment":[{"href":"https:\/\/fadeweb.uncoma.edu.ar\/index.php\/wp-json\/wp\/v2\/media?parent=17928"}],"wp:term":[{"taxonomy":"category","embeddable":true,"href":"https:\/\/fadeweb.uncoma.edu.ar\/index.php\/wp-json\/wp\/v2\/categories?post=17928"},{"taxonomy":"post_tag","embeddable":true,"href":"https:\/\/fadeweb.uncoma.edu.ar\/index.php\/wp-json\/wp\/v2\/tags?post=17928"}],"curies":[{"name":"wp","href":"https:\/\/api.w.org\/{rel}","templated":true}]}}