{"id":17925,"date":"2018-08-22T08:59:23","date_gmt":"2018-08-22T11:59:23","guid":{"rendered":"https:\/\/fadeweb.uncoma.edu.ar\/?p=17925"},"modified":"2023-10-27T09:00:15","modified_gmt":"2023-10-27T12:00:15","slug":"teoria-del-conflicto-del-objeto-al-sistema","status":"publish","type":"post","link":"https:\/\/fadeweb.uncoma.edu.ar\/index.php\/2018\/08\/22\/teoria-del-conflicto-del-objeto-al-sistema\/","title":{"rendered":"TEOR\u00cdA DEL CONFLICTO: DEL OBJETO AL SISTEMA"},"content":{"rendered":"<p><img fetchpriority=\"high\" decoding=\"async\" class=\"alignnone size-full wp-image-17926\" src=\"https:\/\/fadeweb.uncoma.edu.ar\/wp-content\/uploads\/2023\/10\/Afiche-Seminario-tcGioja-Y-MJyDHN.jpg\" alt=\"\" width=\"590\" height=\"831\" srcset=\"https:\/\/fadeweb.uncoma.edu.ar\/wp-content\/uploads\/2023\/10\/Afiche-Seminario-tcGioja-Y-MJyDHN.jpg 590w, https:\/\/fadeweb.uncoma.edu.ar\/wp-content\/uploads\/2023\/10\/Afiche-Seminario-tcGioja-Y-MJyDHN-213x300.jpg 213w\" sizes=\"(max-width: 590px) 100vw, 590px\" \/><\/p>\n<p class=\"texto\">La Secretar\u00eda Acad\u00e9mica de la FADECS informa que se realizar\u00e1 la jornada \u00abTeor\u00eda del Conflicto: del Objeto al Sistema\u00bb, el <strong>mi\u00e9rcoles 29 de agosto de 2018 a las 18:30 h<\/strong>s. en el SUM del Instituto Gioja, Facultad de Derecho (UBA).<\/p>\n<p class=\"texto\">Seminario Permanente de Investigaci\u00f3n Remo F. Entelman<\/p>\n<ul>\n<li class=\"texto\">Director: Prof. Dr. H\u00e9ctor R. Sandler<\/li>\n<li class=\"texto\">Coordinador: Prof. Rub\u00e9n A. Calcaterra<\/li>\n<li class=\"texto\">Ciclo: Bases para la reforma procesal civil y comercial<\/li>\n<li class=\"texto\">Construcci\u00f3n de consensos en torno a la oralidad civil<\/li>\n<\/ul>\n<p class=\"texto\"><strong>Disertantes:<\/strong><\/p>\n<p class=\"texto\">\u2022 H\u00e9ctor Mario Chayer (Coordinador Programa Justicia 2020 \u2013 Ministerio de Justicia y Derechos Humanos de la Naci\u00f3n)<\/p>\n<p class=\"texto\">\u2022 Juan Pablo Marcet (Secretario ad hoc de la Comisi\u00f3n Redactora del Anteproyecto de Nuevo C\u00f3digo Procesal en lo Civil y Comercial de la Naci\u00f3n)<\/p>\n<p class=\"texto\">En el marco de las iniciativas \u201cAnteproyecto del Nuevo C\u00f3digo Procesal Civil y Comercial de la Naci\u00f3n\u201d y \u201cGeneralizaci\u00f3n de la Oralidad en los Proceso Civiles\u201d del Programa Justicia 2020 del Ministerio de Justicia y Derechos Humanos de la Naci\u00f3n, se recibir\u00e1n aportes de los asistentes sobre \u201cprevisiones normativas para el nuevo C\u00f3digo Procesal Civil y Comercial de la Naci\u00f3n para asegurar la oralidad efectiva\u201d.<\/p>\n<p class=\"texto\"><strong>Actividad libre y gratuita.<\/strong><\/p>\n<p class=\"texto\"><strong>Informes:<\/strong> <a href=\"mailto:seminariotc@derecho.uba.ar\">seminariotc@derecho.uba.ar<\/a><\/p>\n","protected":false},"excerpt":{"rendered":"<p>La Secretar\u00eda Acad\u00e9mica de la FADECS informa que se realizar\u00e1 la jornada \u00abTeor\u00eda del Conflicto: del Objeto al Sistema\u00bb, el mi\u00e9rcoles 29 de agosto de 2018 a las 18:30 hs. en el SUM del Instituto Gioja, Facultad de Derecho (UBA). Seminario Permanente de Investigaci\u00f3n Remo F. Entelman Director: Prof. Dr. H\u00e9ctor R. Sandler Coordinador: Prof. [&hellip;]<\/p>\n","protected":false},"author":2,"featured_media":17926,"comment_status":"closed","ping_status":"closed","sticky":false,"template":"","format":"standard","meta":{"footnotes":""},"categories":[11,5],"tags":[],"class_list":["post-17925","post","type-post","status-publish","format-standard","has-post-thumbnail","hentry","category-11","category-notifadecs"],"_links":{"self":[{"href":"https:\/\/fadeweb.uncoma.edu.ar\/index.php\/wp-json\/wp\/v2\/posts\/17925","targetHints":{"allow":["GET"]}}],"collection":[{"href":"https:\/\/fadeweb.uncoma.edu.ar\/index.php\/wp-json\/wp\/v2\/posts"}],"about":[{"href":"https:\/\/fadeweb.uncoma.edu.ar\/index.php\/wp-json\/wp\/v2\/types\/post"}],"author":[{"embeddable":true,"href":"https:\/\/fadeweb.uncoma.edu.ar\/index.php\/wp-json\/wp\/v2\/users\/2"}],"replies":[{"embeddable":true,"href":"https:\/\/fadeweb.uncoma.edu.ar\/index.php\/wp-json\/wp\/v2\/comments?post=17925"}],"version-history":[{"count":1,"href":"https:\/\/fadeweb.uncoma.edu.ar\/index.php\/wp-json\/wp\/v2\/posts\/17925\/revisions"}],"predecessor-version":[{"id":17927,"href":"https:\/\/fadeweb.uncoma.edu.ar\/index.php\/wp-json\/wp\/v2\/posts\/17925\/revisions\/17927"}],"wp:featuredmedia":[{"embeddable":true,"href":"https:\/\/fadeweb.uncoma.edu.ar\/index.php\/wp-json\/wp\/v2\/media\/17926"}],"wp:attachment":[{"href":"https:\/\/fadeweb.uncoma.edu.ar\/index.php\/wp-json\/wp\/v2\/media?parent=17925"}],"wp:term":[{"taxonomy":"category","embeddable":true,"href":"https:\/\/fadeweb.uncoma.edu.ar\/index.php\/wp-json\/wp\/v2\/categories?post=17925"},{"taxonomy":"post_tag","embeddable":true,"href":"https:\/\/fadeweb.uncoma.edu.ar\/index.php\/wp-json\/wp\/v2\/tags?post=17925"}],"curies":[{"name":"wp","href":"https:\/\/api.w.org\/{rel}","templated":true}]}}