{"id":17920,"date":"2018-08-22T08:57:44","date_gmt":"2018-08-22T11:57:44","guid":{"rendered":"https:\/\/fadeweb.uncoma.edu.ar\/?p=17920"},"modified":"2023-10-27T08:58:26","modified_gmt":"2023-10-27T11:58:26","slug":"el-profesor-barotto-diserto-sobre-derechos-economicos-sociales-y-culturales","status":"publish","type":"post","link":"https:\/\/fadeweb.uncoma.edu.ar\/index.php\/2018\/08\/22\/el-profesor-barotto-diserto-sobre-derechos-economicos-sociales-y-culturales\/","title":{"rendered":"EL PROFESOR BAROTTO DISERT\u00d3 SOBRE DERECHOS ECON\u00d3MICOS, SOCIALES Y CULTURALES"},"content":{"rendered":"<p><img fetchpriority=\"high\" decoding=\"async\" class=\"alignnone size-full wp-image-17921\" src=\"https:\/\/fadeweb.uncoma.edu.ar\/wp-content\/uploads\/2023\/10\/barotto.jpg\" alt=\"\" width=\"960\" height=\"639\" srcset=\"https:\/\/fadeweb.uncoma.edu.ar\/wp-content\/uploads\/2023\/10\/barotto.jpg 960w, https:\/\/fadeweb.uncoma.edu.ar\/wp-content\/uploads\/2023\/10\/barotto-300x200.jpg 300w, https:\/\/fadeweb.uncoma.edu.ar\/wp-content\/uploads\/2023\/10\/barotto-768x511.jpg 768w\" sizes=\"(max-width: 960px) 100vw, 960px\" \/><\/p>\n<p class=\"texto\">El profesor de la carrera de Abogac\u00eda de la FADECS-UNCo y Juez del Superior Tribunal de Justicia, Sergio Barotto, disert\u00f3 en las \u201cXI Jornadas de Derecho Judicial\u201d, organizadas por la Universidad Austral bajo el lema \u201cDerechos Sociales: Concepto. Eficacia y Problemas\u201d. Las jornadas se llevaron adelante del jueves al s\u00e1bado \u00faltimo, en la sede de la Sociedad Cient\u00edfica Argentina, en la Ciudad Aut\u00f3noma de Buenos Aires.<\/p>\n<p class=\"texto\">El viernes 17 el Juez Barotto integr\u00f3 el III Panel: \u201cProtecci\u00f3n de los derechos sociales en las provincias y CABA\u201d, acompa\u00f1ado por los Dres. Mario Adaro y Sergio Gonz\u00e1lez, jueces de la Corte Suprema de Justicia de Mendoza y del Superior Tribunal de Justicia de Jujuy, respectivamente, siendo coordinado el panel por el Dr. Gustavo Sa Zeichen, a cargo de la Oficina de Innovaci\u00f3n y Derecho de la Fiscal\u00eda General de CABA.<\/p>\n<p class=\"texto\">El profesor de nuestra casa de estudios titul\u00f3 su exposici\u00f3n \u201cLos D.E.S.C. en la doctrina legal del Superior Tribunal de Justicia de la Provincia de R\u00edo Negro\u201d, y present\u00f3 ante el auditorio las l\u00edneas jurisprudenciales m\u00e1s relevantes que ha mantenido el STJ en su actual integraci\u00f3n en asuntos referidos a salud, salud reproductiva, discapacidad, vivienda, educaci\u00f3n y g\u00e9nero. Inicialmente referenci\u00f3 el complejo normativo constitucional rionegrino sobre derechos econ\u00f3micos, sociales y culturales. Sostuvo Barotto que el mismo constituye una \u201cuna verdadera caja de herramientas del activismo judicial\u201d.<\/p>\n<p class=\"texto\">Oficiaron tambi\u00e9n de expositores el Dr. Eloy Espinosa Salda\u00f1a, Juez de la Corte Constitucional de Per\u00fa; el Dr. Ra\u00fal Canosa Usera, Profesor y Ex Decano de la Facultad de Derecho de la Universidad Complutense de Madrid; la Dra. Stella Maris Mart\u00ednez, Defensora General de la Naci\u00f3n; el Dr. Eduardo Casal, Procurador General de la Naci\u00f3n, entre otros. Asimismo, form\u00f3 parte del Comit\u00e9 Acad\u00e9mico de las Jornadas la Dra. Mar\u00eda del Carmen Battaini, jueza del STJ de la Provincia de Tierra del Fuego, Ant\u00e1rtida e Islas del Atl\u00e1ntico Sur y Presidenta de la Junta Federal de Cortes y Superiores Tribunales de Justicia.<\/p>\n","protected":false},"excerpt":{"rendered":"<p>El profesor de la carrera de Abogac\u00eda de la FADECS-UNCo y Juez del Superior Tribunal de Justicia, Sergio Barotto, disert\u00f3 en las \u201cXI Jornadas de Derecho Judicial\u201d, organizadas por la Universidad Austral bajo el lema \u201cDerechos Sociales: Concepto. Eficacia y Problemas\u201d. Las jornadas se llevaron adelante del jueves al s\u00e1bado \u00faltimo, en la sede de [&hellip;]<\/p>\n","protected":false},"author":2,"featured_media":17921,"comment_status":"closed","ping_status":"closed","sticky":false,"template":"","format":"standard","meta":{"footnotes":""},"categories":[11,5],"tags":[],"class_list":["post-17920","post","type-post","status-publish","format-standard","has-post-thumbnail","hentry","category-11","category-notifadecs"],"_links":{"self":[{"href":"https:\/\/fadeweb.uncoma.edu.ar\/index.php\/wp-json\/wp\/v2\/posts\/17920","targetHints":{"allow":["GET"]}}],"collection":[{"href":"https:\/\/fadeweb.uncoma.edu.ar\/index.php\/wp-json\/wp\/v2\/posts"}],"about":[{"href":"https:\/\/fadeweb.uncoma.edu.ar\/index.php\/wp-json\/wp\/v2\/types\/post"}],"author":[{"embeddable":true,"href":"https:\/\/fadeweb.uncoma.edu.ar\/index.php\/wp-json\/wp\/v2\/users\/2"}],"replies":[{"embeddable":true,"href":"https:\/\/fadeweb.uncoma.edu.ar\/index.php\/wp-json\/wp\/v2\/comments?post=17920"}],"version-history":[{"count":1,"href":"https:\/\/fadeweb.uncoma.edu.ar\/index.php\/wp-json\/wp\/v2\/posts\/17920\/revisions"}],"predecessor-version":[{"id":17922,"href":"https:\/\/fadeweb.uncoma.edu.ar\/index.php\/wp-json\/wp\/v2\/posts\/17920\/revisions\/17922"}],"wp:featuredmedia":[{"embeddable":true,"href":"https:\/\/fadeweb.uncoma.edu.ar\/index.php\/wp-json\/wp\/v2\/media\/17921"}],"wp:attachment":[{"href":"https:\/\/fadeweb.uncoma.edu.ar\/index.php\/wp-json\/wp\/v2\/media?parent=17920"}],"wp:term":[{"taxonomy":"category","embeddable":true,"href":"https:\/\/fadeweb.uncoma.edu.ar\/index.php\/wp-json\/wp\/v2\/categories?post=17920"},{"taxonomy":"post_tag","embeddable":true,"href":"https:\/\/fadeweb.uncoma.edu.ar\/index.php\/wp-json\/wp\/v2\/tags?post=17920"}],"curies":[{"name":"wp","href":"https:\/\/api.w.org\/{rel}","templated":true}]}}