{"id":17917,"date":"2018-08-22T08:56:49","date_gmt":"2018-08-22T11:56:49","guid":{"rendered":"https:\/\/fadeweb.uncoma.edu.ar\/?p=17917"},"modified":"2023-10-27T08:57:27","modified_gmt":"2023-10-27T11:57:27","slug":"segundo-modulo-del-postgrado-derechos-del-nino-nina-y-adolescentes","status":"publish","type":"post","link":"https:\/\/fadeweb.uncoma.edu.ar\/index.php\/2018\/08\/22\/segundo-modulo-del-postgrado-derechos-del-nino-nina-y-adolescentes\/","title":{"rendered":"SEGUNDO M\u00d3DULO DEL POSTGRADO \u201cDERECHOS DEL NI\u00d1O, NI\u00d1A Y ADOLESCENTES\u201d"},"content":{"rendered":"<p><img fetchpriority=\"high\" decoding=\"async\" class=\"alignnone size-large wp-image-17918\" src=\"https:\/\/fadeweb.uncoma.edu.ar\/wp-content\/uploads\/2023\/10\/2-mod-dna-1024x683.jpg\" alt=\"\" width=\"800\" height=\"534\" srcset=\"https:\/\/fadeweb.uncoma.edu.ar\/wp-content\/uploads\/2023\/10\/2-mod-dna-1024x683.jpg 1024w, https:\/\/fadeweb.uncoma.edu.ar\/wp-content\/uploads\/2023\/10\/2-mod-dna-300x200.jpg 300w, https:\/\/fadeweb.uncoma.edu.ar\/wp-content\/uploads\/2023\/10\/2-mod-dna-768x512.jpg 768w, https:\/\/fadeweb.uncoma.edu.ar\/wp-content\/uploads\/2023\/10\/2-mod-dna-1536x1024.jpg 1536w, https:\/\/fadeweb.uncoma.edu.ar\/wp-content\/uploads\/2023\/10\/2-mod-dna.jpg 1920w\" sizes=\"(max-width: 800px) 100vw, 800px\" \/><\/p>\n<p class=\"texto\">El Departamento de Postgrado de la FADECS-UNCo recuerda que este viernes 24 de agosto se dictar\u00e1 el segundo m\u00f3dulo del Curso de Posgrado sobre Derechos de Ni\u00f1as, Ni\u00f1os y Adolescentes, en el horario de 15:30 a 21:00 hs, en el Aula 35 de la Facultad de Derecho y Ciencias Sociales.<\/p>\n<p class=\"texto\"><strong>Viernes 24-08-2018\u2013 Inicio: 15.30 hs- Break: 17.30 \u2013 Fin: 21.00 hs. LUGAR: Aula 35 FADECS.<\/strong><\/p>\n<p class=\"texto\"><strong>Modulo II:<\/strong>\u00a0Desde una \u00f3ptica antropol\u00f3gica: Los ni\u00f1os y ni\u00f1as en la justicia: clasificaciones institucionales y dominios espec\u00edficos de intervenci\u00f3n. Entre la minor\u00eda de edad, la incapacidad y la protecci\u00f3n. Tensiones entre lo privado y lo p\u00fablico: hijos o menores. El derecho a la participaci\u00f3n: la ni\u00f1ez en el C\u00f3digo Civil y Comercial. El derecho del ni\u00f1o a ser o\u00eddo y a que su opini\u00f3n sea tomada primordialmente en cuenta. Significados y valores asociados a la voz del ni\u00f1o en la justicia de familia. \u00bfQu\u00e9 es escuchar a los ni\u00f1os\/as? Estereotipos y esquemas interpretativos. El rol del abogado del ni\u00f1o en la justicia de familia: desaf\u00edos, obst\u00e1culos y potencialidades. A cargo de la Dra Carla Villalta- UBA-CONICET.<\/p>\n","protected":false},"excerpt":{"rendered":"<p>El Departamento de Postgrado de la FADECS-UNCo recuerda que este viernes 24 de agosto se dictar\u00e1 el segundo m\u00f3dulo del Curso de Posgrado sobre Derechos de Ni\u00f1as, Ni\u00f1os y Adolescentes, en el horario de 15:30 a 21:00 hs, en el Aula 35 de la Facultad de Derecho y Ciencias Sociales. Viernes 24-08-2018\u2013 Inicio: 15.30 hs- [&hellip;]<\/p>\n","protected":false},"author":2,"featured_media":17918,"comment_status":"closed","ping_status":"closed","sticky":false,"template":"","format":"standard","meta":{"footnotes":""},"categories":[11,5],"tags":[],"class_list":["post-17917","post","type-post","status-publish","format-standard","has-post-thumbnail","hentry","category-11","category-notifadecs"],"_links":{"self":[{"href":"https:\/\/fadeweb.uncoma.edu.ar\/index.php\/wp-json\/wp\/v2\/posts\/17917","targetHints":{"allow":["GET"]}}],"collection":[{"href":"https:\/\/fadeweb.uncoma.edu.ar\/index.php\/wp-json\/wp\/v2\/posts"}],"about":[{"href":"https:\/\/fadeweb.uncoma.edu.ar\/index.php\/wp-json\/wp\/v2\/types\/post"}],"author":[{"embeddable":true,"href":"https:\/\/fadeweb.uncoma.edu.ar\/index.php\/wp-json\/wp\/v2\/users\/2"}],"replies":[{"embeddable":true,"href":"https:\/\/fadeweb.uncoma.edu.ar\/index.php\/wp-json\/wp\/v2\/comments?post=17917"}],"version-history":[{"count":1,"href":"https:\/\/fadeweb.uncoma.edu.ar\/index.php\/wp-json\/wp\/v2\/posts\/17917\/revisions"}],"predecessor-version":[{"id":17919,"href":"https:\/\/fadeweb.uncoma.edu.ar\/index.php\/wp-json\/wp\/v2\/posts\/17917\/revisions\/17919"}],"wp:featuredmedia":[{"embeddable":true,"href":"https:\/\/fadeweb.uncoma.edu.ar\/index.php\/wp-json\/wp\/v2\/media\/17918"}],"wp:attachment":[{"href":"https:\/\/fadeweb.uncoma.edu.ar\/index.php\/wp-json\/wp\/v2\/media?parent=17917"}],"wp:term":[{"taxonomy":"category","embeddable":true,"href":"https:\/\/fadeweb.uncoma.edu.ar\/index.php\/wp-json\/wp\/v2\/categories?post=17917"},{"taxonomy":"post_tag","embeddable":true,"href":"https:\/\/fadeweb.uncoma.edu.ar\/index.php\/wp-json\/wp\/v2\/tags?post=17917"}],"curies":[{"name":"wp","href":"https:\/\/api.w.org\/{rel}","templated":true}]}}