{"id":17914,"date":"2018-08-22T08:55:50","date_gmt":"2018-08-22T11:55:50","guid":{"rendered":"https:\/\/fadeweb.uncoma.edu.ar\/?p=17914"},"modified":"2023-10-27T08:56:30","modified_gmt":"2023-10-27T11:56:30","slug":"asamblea-interclaustro-en-el-modulo-neuquen-de-servicio-social","status":"publish","type":"post","link":"https:\/\/fadeweb.uncoma.edu.ar\/index.php\/2018\/08\/22\/asamblea-interclaustro-en-el-modulo-neuquen-de-servicio-social\/","title":{"rendered":"ASAMBLEA INTERCLAUSTRO EN EL M\u00d3DULO NEUQU\u00c9N DE SERVICIO SOCIAL"},"content":{"rendered":"<p><img fetchpriority=\"high\" decoding=\"async\" class=\"alignnone size-large wp-image-17915\" src=\"https:\/\/fadeweb.uncoma.edu.ar\/wp-content\/uploads\/2023\/10\/ASAMBLEA-INTERCLAUSTRO-EN-EL-MODULO-NEUQUEN-DE-SERVICIO-SOCIAL-1024x576.jpg\" alt=\"\" width=\"800\" height=\"450\" srcset=\"https:\/\/fadeweb.uncoma.edu.ar\/wp-content\/uploads\/2023\/10\/ASAMBLEA-INTERCLAUSTRO-EN-EL-MODULO-NEUQUEN-DE-SERVICIO-SOCIAL-1024x576.jpg 1024w, https:\/\/fadeweb.uncoma.edu.ar\/wp-content\/uploads\/2023\/10\/ASAMBLEA-INTERCLAUSTRO-EN-EL-MODULO-NEUQUEN-DE-SERVICIO-SOCIAL-300x169.jpg 300w, https:\/\/fadeweb.uncoma.edu.ar\/wp-content\/uploads\/2023\/10\/ASAMBLEA-INTERCLAUSTRO-EN-EL-MODULO-NEUQUEN-DE-SERVICIO-SOCIAL-768x432.jpg 768w, https:\/\/fadeweb.uncoma.edu.ar\/wp-content\/uploads\/2023\/10\/ASAMBLEA-INTERCLAUSTRO-EN-EL-MODULO-NEUQUEN-DE-SERVICIO-SOCIAL.jpg 1280w\" sizes=\"(max-width: 800px) 100vw, 800px\" \/><\/p>\n<p class=\"texto\">En el marco de la lucha docente y del recorte presupuestario sufrido por las Universidades P\u00fablicas, se realiz\u00f3 este martes 21 de agosto a las 16 hs en el m\u00f3dulo Servicio Social &#8211; Neuqu\u00e9n de la FADECS, una Asamblea Interclaustro que con buena convocatoria reuni\u00f3 a estudiantes, docentes y graduados.<\/p>\n<p class=\"texto\">Luego de debatir y exponer reclamos espec\u00edficos, se acord\u00f3 participar este mi\u00e9rcoles de la Sesi\u00f3n Publica de Consejos Directivos prevista en el asentamiento de la Barda. Tambi\u00e9n se acord\u00f3 volver a congregarse, convocando a todos los sectores, el pr\u00f3ximo martes 28 a las 16 hs en el hall central de la UNCo.<\/p>\n","protected":false},"excerpt":{"rendered":"<p>En el marco de la lucha docente y del recorte presupuestario sufrido por las Universidades P\u00fablicas, se realiz\u00f3 este martes 21 de agosto a las 16 hs en el m\u00f3dulo Servicio Social &#8211; Neuqu\u00e9n de la FADECS, una Asamblea Interclaustro que con buena convocatoria reuni\u00f3 a estudiantes, docentes y graduados. Luego de debatir y exponer [&hellip;]<\/p>\n","protected":false},"author":2,"featured_media":17915,"comment_status":"closed","ping_status":"closed","sticky":false,"template":"","format":"standard","meta":{"footnotes":""},"categories":[11,5],"tags":[],"class_list":["post-17914","post","type-post","status-publish","format-standard","has-post-thumbnail","hentry","category-11","category-notifadecs"],"_links":{"self":[{"href":"https:\/\/fadeweb.uncoma.edu.ar\/index.php\/wp-json\/wp\/v2\/posts\/17914","targetHints":{"allow":["GET"]}}],"collection":[{"href":"https:\/\/fadeweb.uncoma.edu.ar\/index.php\/wp-json\/wp\/v2\/posts"}],"about":[{"href":"https:\/\/fadeweb.uncoma.edu.ar\/index.php\/wp-json\/wp\/v2\/types\/post"}],"author":[{"embeddable":true,"href":"https:\/\/fadeweb.uncoma.edu.ar\/index.php\/wp-json\/wp\/v2\/users\/2"}],"replies":[{"embeddable":true,"href":"https:\/\/fadeweb.uncoma.edu.ar\/index.php\/wp-json\/wp\/v2\/comments?post=17914"}],"version-history":[{"count":1,"href":"https:\/\/fadeweb.uncoma.edu.ar\/index.php\/wp-json\/wp\/v2\/posts\/17914\/revisions"}],"predecessor-version":[{"id":17916,"href":"https:\/\/fadeweb.uncoma.edu.ar\/index.php\/wp-json\/wp\/v2\/posts\/17914\/revisions\/17916"}],"wp:featuredmedia":[{"embeddable":true,"href":"https:\/\/fadeweb.uncoma.edu.ar\/index.php\/wp-json\/wp\/v2\/media\/17915"}],"wp:attachment":[{"href":"https:\/\/fadeweb.uncoma.edu.ar\/index.php\/wp-json\/wp\/v2\/media?parent=17914"}],"wp:term":[{"taxonomy":"category","embeddable":true,"href":"https:\/\/fadeweb.uncoma.edu.ar\/index.php\/wp-json\/wp\/v2\/categories?post=17914"},{"taxonomy":"post_tag","embeddable":true,"href":"https:\/\/fadeweb.uncoma.edu.ar\/index.php\/wp-json\/wp\/v2\/tags?post=17914"}],"curies":[{"name":"wp","href":"https:\/\/api.w.org\/{rel}","templated":true}]}}