{"id":17905,"date":"2018-08-22T08:51:57","date_gmt":"2018-08-22T11:51:57","guid":{"rendered":"https:\/\/fadeweb.uncoma.edu.ar\/?p=17905"},"modified":"2023-10-27T08:52:50","modified_gmt":"2023-10-27T11:52:50","slug":"142o-acto-academico-de-colacion-de-grado-y-de-posgrado-2","status":"publish","type":"post","link":"https:\/\/fadeweb.uncoma.edu.ar\/index.php\/2018\/08\/22\/142o-acto-academico-de-colacion-de-grado-y-de-posgrado-2\/","title":{"rendered":"142\u00ba ACTO ACAD\u00c9MICO DE COLACI\u00d3N DE GRADO Y DE POSGRADO"},"content":{"rendered":"<p><img fetchpriority=\"high\" decoding=\"async\" class=\"alignnone size-large wp-image-17580\" src=\"https:\/\/fadeweb.uncoma.edu.ar\/wp-content\/uploads\/2023\/10\/142-1024x633.jpg\" alt=\"\" width=\"800\" height=\"495\" srcset=\"https:\/\/fadeweb.uncoma.edu.ar\/wp-content\/uploads\/2023\/10\/142-1024x633.jpg 1024w, https:\/\/fadeweb.uncoma.edu.ar\/wp-content\/uploads\/2023\/10\/142-300x185.jpg 300w, https:\/\/fadeweb.uncoma.edu.ar\/wp-content\/uploads\/2023\/10\/142-768x475.jpg 768w, https:\/\/fadeweb.uncoma.edu.ar\/wp-content\/uploads\/2023\/10\/142.jpg 1238w\" sizes=\"(max-width: 800px) 100vw, 800px\" \/><\/p>\n<p class=\"texto\">La Facultad de Derecho y Ciencias Sociales de la Universidad Nacional del Comahue tiene el agrado de invitar al 142\u00ba Acto Acad\u00e9mico de Colaci\u00f3n de Grado y de Posgrado que se llevar\u00e1 a cabo el 26 de septiembre de 2018 a las 10 hs, en el Aula Auditorio de la FADECS.<\/p>\n<p class=\"texto\"><strong>Recibir\u00e1n el t\u00edtulo de grado:<\/strong><\/p>\n<p class=\"texto\"><strong>Por la carrera de Abogac\u00eda:<\/strong> Fernanda Belen Romero Rojas, Ayelen Balboa, Maria Emilia Tartaglia, Agust\u00edn Lombardo, Carolina Boblio, \u00c1ngelo Juan Seg\u00fcino, Mara Karina Hechem, Juan Manuel Recabarren, Bruno Scala, Natalia Michelle Riquelme, Graciela Del Valle Alarc\u00f3n, Miguel \u00c1ngel Zeballos D\u00edaz, Santiago Carlos Perramon, Alejandra Leonides C\u00e1ceres, Victoria Romera, Celeste Ailin Leone, Jorge Lu\u00eds Mart\u00ednez, Viviana Elizabeth Toselli.<\/p>\n<p class=\"texto\"><strong>Por la carrera de Licenciatura en Servicio Social<\/strong>: por el M\u00f3dulo General Roca: Silvina Lilen Yndaver, Judith Claudia Beatriz Sandoval, Agustina Gonz\u00e1lez Robledo, Johanna Alexandra Hern\u00e1ndez.<\/p>\n<blockquote>\n<p class=\"texto\"><strong>Por el M\u00f3dulo Neuqu\u00e9n, cuyo acto ser\u00e1 el 24 de septiembre<\/strong>: Maria Araceli Aguirre, Teresa Elizabeth Carabajal, Elizabeth Dafne Ojeda, Maria Monserrat Morales Manqui, Norma Ester Fuentes, Claudio Daniel Ramos, Macarena Alfaro, Nadia Gabriela Ciceri, Mauro Dami\u00e1n Nicol\u00e1s Jaque.<\/p>\n<\/blockquote>\n<p class=\"texto\"><strong>Recibir\u00e1n el t\u00edtulo de posgrado:<\/strong><\/p>\n<p class=\"texto\"><strong>Por la carrera de Especializaci\u00f3n en Derecho de Familia, Infancia y Adolescencia:<\/strong> Ada Karina Zerrizuela, Mariangel Fern\u00e1ndez Bruno, Karina Cristina Mart\u00ednez Stagnaro, Maria Celina Rosende, Sebasti\u00e1n Andr\u00e9s Villegas.<\/p>\n<p class=\"texto\"><strong>Por la carrera de Especializaci\u00f3n en Derecho Penal y Ciencias Penales:<\/strong> Claudia Alejandra Lemunao, Fernando Dar\u00edo Fuentes.<\/p>\n<p class=\"texto\"><strong>Por la carrera de Especializaci\u00f3n en Comunicaci\u00f3n y Culturas Contempor\u00e1neas:<\/strong> Maria Laura Balmaceda, Nicol\u00e1s Marcelo Mart\u00ednez.<\/p>\n","protected":false},"excerpt":{"rendered":"<p>La Facultad de Derecho y Ciencias Sociales de la Universidad Nacional del Comahue tiene el agrado de invitar al 142\u00ba Acto Acad\u00e9mico de Colaci\u00f3n de Grado y de Posgrado que se llevar\u00e1 a cabo el 26 de septiembre de 2018 a las 10 hs, en el Aula Auditorio de la FADECS. Recibir\u00e1n el t\u00edtulo de [&hellip;]<\/p>\n","protected":false},"author":2,"featured_media":17580,"comment_status":"closed","ping_status":"closed","sticky":false,"template":"","format":"standard","meta":{"footnotes":""},"categories":[11,5],"tags":[],"class_list":["post-17905","post","type-post","status-publish","format-standard","has-post-thumbnail","hentry","category-11","category-notifadecs"],"_links":{"self":[{"href":"https:\/\/fadeweb.uncoma.edu.ar\/index.php\/wp-json\/wp\/v2\/posts\/17905","targetHints":{"allow":["GET"]}}],"collection":[{"href":"https:\/\/fadeweb.uncoma.edu.ar\/index.php\/wp-json\/wp\/v2\/posts"}],"about":[{"href":"https:\/\/fadeweb.uncoma.edu.ar\/index.php\/wp-json\/wp\/v2\/types\/post"}],"author":[{"embeddable":true,"href":"https:\/\/fadeweb.uncoma.edu.ar\/index.php\/wp-json\/wp\/v2\/users\/2"}],"replies":[{"embeddable":true,"href":"https:\/\/fadeweb.uncoma.edu.ar\/index.php\/wp-json\/wp\/v2\/comments?post=17905"}],"version-history":[{"count":1,"href":"https:\/\/fadeweb.uncoma.edu.ar\/index.php\/wp-json\/wp\/v2\/posts\/17905\/revisions"}],"predecessor-version":[{"id":17906,"href":"https:\/\/fadeweb.uncoma.edu.ar\/index.php\/wp-json\/wp\/v2\/posts\/17905\/revisions\/17906"}],"wp:featuredmedia":[{"embeddable":true,"href":"https:\/\/fadeweb.uncoma.edu.ar\/index.php\/wp-json\/wp\/v2\/media\/17580"}],"wp:attachment":[{"href":"https:\/\/fadeweb.uncoma.edu.ar\/index.php\/wp-json\/wp\/v2\/media?parent=17905"}],"wp:term":[{"taxonomy":"category","embeddable":true,"href":"https:\/\/fadeweb.uncoma.edu.ar\/index.php\/wp-json\/wp\/v2\/categories?post=17905"},{"taxonomy":"post_tag","embeddable":true,"href":"https:\/\/fadeweb.uncoma.edu.ar\/index.php\/wp-json\/wp\/v2\/tags?post=17905"}],"curies":[{"name":"wp","href":"https:\/\/api.w.org\/{rel}","templated":true}]}}