{"id":17723,"date":"2023-10-19T12:14:34","date_gmt":"2023-10-19T15:14:34","guid":{"rendered":"https:\/\/fadeweb.uncoma.edu.ar\/?p=17723"},"modified":"2023-10-19T12:14:34","modified_gmt":"2023-10-19T15:14:34","slug":"concurso-para-comunicacion-radiofonica-acta-de-inscripcion","status":"publish","type":"post","link":"https:\/\/fadeweb.uncoma.edu.ar\/index.php\/2023\/10\/19\/concurso-para-comunicacion-radiofonica-acta-de-inscripcion\/","title":{"rendered":"CONCURSO PARA COMUNICACI\u00d3N RADIOF\u00d3NICA: ACTA DE INSCRIPCI\u00d3N"},"content":{"rendered":"<p><img fetchpriority=\"high\" decoding=\"async\" class=\"alignnone wp-image-9255 alignleft\" src=\"https:\/\/fadeweb.uncoma.edu.ar\/wp-content\/uploads\/2022\/10\/Concursos-FADECS-1.jpeg\" alt=\"\" width=\"600\" height=\"600\" srcset=\"https:\/\/fadeweb.uncoma.edu.ar\/wp-content\/uploads\/2022\/10\/Concursos-FADECS-1.jpeg 800w, https:\/\/fadeweb.uncoma.edu.ar\/wp-content\/uploads\/2022\/10\/Concursos-FADECS-1-300x300.jpeg 300w, https:\/\/fadeweb.uncoma.edu.ar\/wp-content\/uploads\/2022\/10\/Concursos-FADECS-1-150x150.jpeg 150w, https:\/\/fadeweb.uncoma.edu.ar\/wp-content\/uploads\/2022\/10\/Concursos-FADECS-1-768x768.jpeg 768w\" sizes=\"(max-width: 600px) 100vw, 600px\" \/>Acta de Inscripci\u00f3n correspondiente al llamado a concurso destinado a cubrir cargos de Profesores\/as Adjuntos\/as Regulares para el Departamento de Ciencias de la Informaci\u00f3n y Comunicaci\u00f3n Social, a los fines de desempe\u00f1arse en el \u00c1rea: de Comunicaci\u00f3n Radiof\u00f3nica, Orientaciones: Periodismo Radiof\u00f3nico y Comunicaci\u00f3n Radiof\u00f3nica; y, en el \u00c1rea de Locuci\u00f3n, Orientaci\u00f3n: Locuci\u00f3n.<\/p>\n<p style=\"text-align: left;\"><a href=\"https:\/\/fadeweb.uncoma.edu.ar\/wp-content\/uploads\/2023\/10\/Acta-de-Inscripcion.pdf\">Acta de Inscripci\u00f3n<\/a><\/p>\n","protected":false},"excerpt":{"rendered":"<p>Acta de Inscripci\u00f3n correspondiente al llamado a concurso destinado a cubrir cargos de Profesores\/as Adjuntos\/as Regulares para el Departamento de Ciencias de la Informaci\u00f3n y Comunicaci\u00f3n Social, a los fines de desempe\u00f1arse en el \u00c1rea: de Comunicaci\u00f3n Radiof\u00f3nica, Orientaciones: Periodismo Radiof\u00f3nico y Comunicaci\u00f3n Radiof\u00f3nica; y, en el \u00c1rea de Locuci\u00f3n, Orientaci\u00f3n: Locuci\u00f3n. Acta de Inscripci\u00f3n<\/p>\n","protected":false},"author":4,"featured_media":9255,"comment_status":"closed","ping_status":"closed","sticky":false,"template":"","format":"standard","meta":{"footnotes":""},"categories":[3,5],"tags":[],"class_list":["post-17723","post","type-post","status-publish","format-standard","has-post-thumbnail","hentry","category-concursos","category-notifadecs"],"_links":{"self":[{"href":"https:\/\/fadeweb.uncoma.edu.ar\/index.php\/wp-json\/wp\/v2\/posts\/17723","targetHints":{"allow":["GET"]}}],"collection":[{"href":"https:\/\/fadeweb.uncoma.edu.ar\/index.php\/wp-json\/wp\/v2\/posts"}],"about":[{"href":"https:\/\/fadeweb.uncoma.edu.ar\/index.php\/wp-json\/wp\/v2\/types\/post"}],"author":[{"embeddable":true,"href":"https:\/\/fadeweb.uncoma.edu.ar\/index.php\/wp-json\/wp\/v2\/users\/4"}],"replies":[{"embeddable":true,"href":"https:\/\/fadeweb.uncoma.edu.ar\/index.php\/wp-json\/wp\/v2\/comments?post=17723"}],"version-history":[{"count":1,"href":"https:\/\/fadeweb.uncoma.edu.ar\/index.php\/wp-json\/wp\/v2\/posts\/17723\/revisions"}],"predecessor-version":[{"id":17725,"href":"https:\/\/fadeweb.uncoma.edu.ar\/index.php\/wp-json\/wp\/v2\/posts\/17723\/revisions\/17725"}],"wp:featuredmedia":[{"embeddable":true,"href":"https:\/\/fadeweb.uncoma.edu.ar\/index.php\/wp-json\/wp\/v2\/media\/9255"}],"wp:attachment":[{"href":"https:\/\/fadeweb.uncoma.edu.ar\/index.php\/wp-json\/wp\/v2\/media?parent=17723"}],"wp:term":[{"taxonomy":"category","embeddable":true,"href":"https:\/\/fadeweb.uncoma.edu.ar\/index.php\/wp-json\/wp\/v2\/categories?post=17723"},{"taxonomy":"post_tag","embeddable":true,"href":"https:\/\/fadeweb.uncoma.edu.ar\/index.php\/wp-json\/wp\/v2\/tags?post=17723"}],"curies":[{"name":"wp","href":"https:\/\/api.w.org\/{rel}","templated":true}]}}