{"id":17084,"date":"2023-09-05T12:38:27","date_gmt":"2023-09-05T15:38:27","guid":{"rendered":"https:\/\/fadeweb.uncoma.edu.ar\/?p=17084"},"modified":"2023-09-05T12:38:27","modified_gmt":"2023-09-05T15:38:27","slug":"estudiantes-de-comunicacion-social-participaran-del-15-festival-de-poesia-en-la-escuela","status":"publish","type":"post","link":"https:\/\/fadeweb.uncoma.edu.ar\/index.php\/2023\/09\/05\/estudiantes-de-comunicacion-social-participaran-del-15-festival-de-poesia-en-la-escuela\/","title":{"rendered":"ESTUDIANTES DE COMUNICACI\u00d3N SOCIAL PARTICIPAR\u00c1N DEL 15\u00b0 FESTIVAL DE POES\u00cdA EN LA ESCUELA"},"content":{"rendered":"<p><img fetchpriority=\"high\" decoding=\"async\" class=\"alignnone wp-image-17076 alignleft\" src=\"https:\/\/fadeweb.uncoma.edu.ar\/wp-content\/uploads\/2023\/09\/ecs-fadecs-1024x768.jpg\" alt=\"\" width=\"533\" height=\"400\" srcset=\"https:\/\/fadeweb.uncoma.edu.ar\/wp-content\/uploads\/2023\/09\/ecs-fadecs-1024x768.jpg 1024w, https:\/\/fadeweb.uncoma.edu.ar\/wp-content\/uploads\/2023\/09\/ecs-fadecs-300x225.jpg 300w, https:\/\/fadeweb.uncoma.edu.ar\/wp-content\/uploads\/2023\/09\/ecs-fadecs-768x576.jpg 768w, https:\/\/fadeweb.uncoma.edu.ar\/wp-content\/uploads\/2023\/09\/ecs-fadecs.jpg 1080w\" sizes=\"(max-width: 533px) 100vw, 533px\" \/><\/p>\n<p style=\"text-align: left;\">Estudiantes y docentes de la c\u00e1tedra de Lengua y Discurso II de la carrera de Comunicaci\u00f3n Social participar\u00e1n del 15\u00b0 festival de POES\u00cdA EN LA ESCUELA, que se lleva a cabo todos los a\u00f1os a nivel nacional y est\u00e1 organizado por las poetas Marisa Negri y Alejandra Correa.<\/p>\n<p style=\"text-align: left;\">La actividad est\u00e1 prevista para el martes 12 de septiembre. En esta oportunidad tiene como tema \u201cPalabras Agua\u201d y parte del discurso po\u00e9tico: su lectura y escritura. Se trata de manipular el lenguaje para decir, para comunicar y provocar determinados efectos en las y los lectores. Por su parte, el grupo de estudiantes llevar\u00e1 poemas realizados a partir de ejercicios de taller de escritura coordinado por las docentes Laura Dimarco y Carina Nosenzo.<\/p>\n<p style=\"text-align: left;\">El Festival inici\u00f3 el 4 de septiembre y se extender\u00e1 hasta el viernes 15.<\/p>\n<p style=\"text-align: left;\"><a href=\"http:\/\/poesiaenlaescuela.blogspot.com\/2023\/08\/bienvenida-universidad-nacional-del.html\">http:\/\/poesiaenlaescuela.blogspot.com\/2023\/08\/bienvenida-universidad-nacional-del.html<\/a><\/p>\n<p style=\"text-align: left;\">\u00a1En Defensa de la Universidad Publica!<\/p>\n","protected":false},"excerpt":{"rendered":"<p>Estudiantes y docentes de la c\u00e1tedra de Lengua y Discurso II de la carrera de Comunicaci\u00f3n Social participar\u00e1n del 15\u00b0 festival de POES\u00cdA EN LA ESCUELA, que se lleva a cabo todos los a\u00f1os a nivel nacional y est\u00e1 organizado por las poetas Marisa Negri y Alejandra Correa. La actividad est\u00e1 prevista para el martes [&hellip;]<\/p>\n","protected":false},"author":4,"featured_media":17076,"comment_status":"closed","ping_status":"closed","sticky":false,"template":"","format":"standard","meta":{"footnotes":""},"categories":[5],"tags":[],"class_list":["post-17084","post","type-post","status-publish","format-standard","has-post-thumbnail","hentry","category-notifadecs"],"_links":{"self":[{"href":"https:\/\/fadeweb.uncoma.edu.ar\/index.php\/wp-json\/wp\/v2\/posts\/17084","targetHints":{"allow":["GET"]}}],"collection":[{"href":"https:\/\/fadeweb.uncoma.edu.ar\/index.php\/wp-json\/wp\/v2\/posts"}],"about":[{"href":"https:\/\/fadeweb.uncoma.edu.ar\/index.php\/wp-json\/wp\/v2\/types\/post"}],"author":[{"embeddable":true,"href":"https:\/\/fadeweb.uncoma.edu.ar\/index.php\/wp-json\/wp\/v2\/users\/4"}],"replies":[{"embeddable":true,"href":"https:\/\/fadeweb.uncoma.edu.ar\/index.php\/wp-json\/wp\/v2\/comments?post=17084"}],"version-history":[{"count":1,"href":"https:\/\/fadeweb.uncoma.edu.ar\/index.php\/wp-json\/wp\/v2\/posts\/17084\/revisions"}],"predecessor-version":[{"id":17085,"href":"https:\/\/fadeweb.uncoma.edu.ar\/index.php\/wp-json\/wp\/v2\/posts\/17084\/revisions\/17085"}],"wp:featuredmedia":[{"embeddable":true,"href":"https:\/\/fadeweb.uncoma.edu.ar\/index.php\/wp-json\/wp\/v2\/media\/17076"}],"wp:attachment":[{"href":"https:\/\/fadeweb.uncoma.edu.ar\/index.php\/wp-json\/wp\/v2\/media?parent=17084"}],"wp:term":[{"taxonomy":"category","embeddable":true,"href":"https:\/\/fadeweb.uncoma.edu.ar\/index.php\/wp-json\/wp\/v2\/categories?post=17084"},{"taxonomy":"post_tag","embeddable":true,"href":"https:\/\/fadeweb.uncoma.edu.ar\/index.php\/wp-json\/wp\/v2\/tags?post=17084"}],"curies":[{"name":"wp","href":"https:\/\/api.w.org\/{rel}","templated":true}]}}